{"id":988,"date":"2013-02-21T11:12:18","date_gmt":"2013-02-21T11:12:18","guid":{"rendered":"https:\/\/christine-muttonen.at\/?p=988"},"modified":"2013-02-21T11:12:18","modified_gmt":"2013-02-21T11:12:18","slug":"muttonen-nationalrat-bringt-sich-aktiv-in-eu-budgetkoordinierung-ein","status":"publish","type":"post","link":"https:\/\/christine-muttonen.at\/?p=988","title":{"rendered":"Muttonen: Nationalrat bringt sich aktiv in EU-Budgetkoordinierung ein"},"content":{"rendered":"<p style=\"text-align: left;\" align=\"center\"><strong>EU muss soziale Dimension der Wirtschafts- und Finanzkrise ernst nehmen<\/strong><\/p>\n<p>&nbsp;<\/p>\n<p>Wien (OTS\/SK) &#8211; Das Europ\u00e4ische Semester ist ein Verfahren zur Koordinierung der Budgetpolitik der EU-Staaten und von zunehmender Bedeutung f\u00fcr die nationale Budgeterstellung. Das betonte SP\u00d6-Europasprecherin Christine Muttonen am Donnerstag gegen\u00fcber dem SP\u00d6-Pressedienst. &#8222;Daher habe ich die Initiative gesetzt, dass der EU-Jahreswachstumsbericht, der den ersten Schritt dieses Verfahrens darstellt, in der n\u00e4chsten Plenarsitzung ausf\u00fchrlich im Nationalrat diskutiert wird&#8220;, sagte Muttonen. &#8222;Angesichts der starken Mitspracherechte des Parlaments in EU-Angelegenheiten ist es wichtig, dass der Nationalrat die einzelnen Stufen des Europ\u00e4ischen Semesters genau verfolgt&#8220;, betonte Muttonen.<\/p>\n<p><!--more--><\/p>\n<p>Das Europ\u00e4ische Semester bedeutet eine Gesamtschau der Haushaltsplanungen aller EU-L\u00e4nder und besteht aus einer festen Abfolge. Zu Jahresbeginn stellt die EU-Kommission den Jahreswachstumsbericht vor, der die wirtschaftliche Lage der gesamten EU analysiert. Im M\u00e4rz werden Leitlinien f\u00fcr die Mitgliedstaaten beschlossen und bis April m\u00fcssen die Mitgliedstaaten Budgetpl\u00e4ne vorlegen. Auf dieser Basis erarbeitet die Kommission l\u00e4nderspezifische Empfehlungen, die in den nationalen Haushaltspl\u00e4nen und Politikma\u00dfnahmen Ber\u00fccksichtigung finden sollen. &#8222;Es ist daher im Sinne des Parlaments und seiner Budgethoheit, dass wir Entwicklungen, die auch unsere eigene Budgetverantwortung betreffen, fr\u00fchzeitig aufgreifen, um entsprechend Position beziehen k\u00f6nnen&#8220;, betonte Muttonen.<\/p>\n<p>&nbsp;<\/p>\n<p>Muttonen begr\u00fc\u00dfte, dass die EU-Kommission im Jahreswachstumsbericht die soziale Dimension der Wirtschafts- und Finanzkrise ernst nehme. Auch die Einbeziehung der europ\u00e4ischen Sozialpartner bei der Erstellung des Berichts sei positiv zu bewerten. Jedoch m\u00fcssten die Ank\u00fcndigungen mehr als blo\u00dfe Rhetorik sein. Daher forderte Muttonen ein Monitoring der sozialen Auswirkungen von Konsolidierungsma\u00dfnahmen. &#8222;Es sollen schlie\u00dflich die Richtigen f\u00fcr die Krise zahlen&#8220;, sagte Muttonen. (Schluss) bj\/sas<\/p>\n<p>&nbsp;<\/p>\n","protected":false},"excerpt":{"rendered":"<p>EU muss soziale Dimension der Wirtschafts- und Finanzkrise ernst nehmen &nbsp; Wien (OTS\/SK) &#8211; Das Europ\u00e4ische Semester ist ein Verfahren zur Koordinierung der Budgetpolitik der EU-Staaten und von zunehmender Bedeutung f\u00fcr die nationale Budgeterstellung. Das betonte SP\u00d6-Europasprecherin Christine Muttonen am Donnerstag gegen\u00fcber dem SP\u00d6-Pressedienst. &#8222;Daher habe ich die Initiative gesetzt, dass der EU-Jahreswachstumsbericht, der den [&hellip;]<\/p>\n","protected":false},"author":2,"featured_media":0,"comment_status":"closed","ping_status":"closed","sticky":false,"template":"","format":"standard","meta":{"ngg_post_thumbnail":0,"footnotes":""},"categories":[22,16],"tags":[34,136,137,182,29,186],"class_list":["post-988","post","type-post","status-publish","format-standard","hentry","category-europa","category-presse","tag-christine-muttonen","tag-europaisches-semester","tag-jahreswachstumsbericht","tag-nationalrat","tag-plenum","tag-spo"],"_links":{"self":[{"href":"https:\/\/christine-muttonen.at\/index.php?rest_route=\/wp\/v2\/posts\/988","targetHints":{"allow":["GET"]}}],"collection":[{"href":"https:\/\/christine-muttonen.at\/index.php?rest_route=\/wp\/v2\/posts"}],"about":[{"href":"https:\/\/christine-muttonen.at\/index.php?rest_route=\/wp\/v2\/types\/post"}],"author":[{"embeddable":true,"href":"https:\/\/christine-muttonen.at\/index.php?rest_route=\/wp\/v2\/users\/2"}],"replies":[{"embeddable":true,"href":"https:\/\/christine-muttonen.at\/index.php?rest_route=%2Fwp%2Fv2%2Fcomments&post=988"}],"version-history":[{"count":2,"href":"https:\/\/christine-muttonen.at\/index.php?rest_route=\/wp\/v2\/posts\/988\/revisions"}],"predecessor-version":[{"id":990,"href":"https:\/\/christine-muttonen.at\/index.php?rest_route=\/wp\/v2\/posts\/988\/revisions\/990"}],"wp:attachment":[{"href":"https:\/\/christine-muttonen.at\/index.php?rest_route=%2Fwp%2Fv2%2Fmedia&parent=988"}],"wp:term":[{"taxonomy":"category","embeddable":true,"href":"https:\/\/christine-muttonen.at\/index.php?rest_route=%2Fwp%2Fv2%2Fcategories&post=988"},{"taxonomy":"post_tag","embeddable":true,"href":"https:\/\/christine-muttonen.at\/index.php?rest_route=%2Fwp%2Fv2%2Ftags&post=988"}],"curies":[{"name":"wp","href":"https:\/\/api.w.org\/{rel}","templated":true}]}}