{"id":919,"date":"2013-01-23T09:30:36","date_gmt":"2013-01-23T09:30:36","guid":{"rendered":"https:\/\/christine-muttonen.at\/?p=919"},"modified":"2013-01-24T09:33:12","modified_gmt":"2013-01-24T09:33:12","slug":"spo-landesfrauenkonferenz-%e2%80%9efunf-plane-fur-karnten-bringen-frauen-viele-verbesserungen","status":"publish","type":"post","link":"https:\/\/christine-muttonen.at\/?p=919","title":{"rendered":"SP\u00d6-Landesfrauenkonferenz: \u201eF\u00fcnf Pl\u00e4ne f\u00fcr K\u00e4rnten\u201c bringen Frauen viele Verbesserungen"},"content":{"rendered":"<p><a href=\"https:\/\/christine-muttonen.at\/wp-content\/uploads\/2013\/01\/Landesfrauenkonferenz-2013.jpg\"><img loading=\"lazy\" decoding=\"async\" class=\"alignleft size-thumbnail wp-image-921\" title=\"Landesfrauenkonferenz 2013\" src=\"https:\/\/christine-muttonen.at\/wp-content\/uploads\/2013\/01\/Landesfrauenkonferenz-2013-150x150.jpg\" alt=\"\" width=\"150\" height=\"150\" \/><\/a>Unter dem Motto &#8222;Wir Frauen bewegen K\u00e4rnten&#8220; fand am 19. Januar 2013 die Landesfrauenkonferenz der K\u00e4rntner SP\u00d6 in St. Veit statt.\u00a0Die bisherige Landesfrauenvorsitzende BRin Ana Blatnik wurde mit \u00fcberragenden 97,8% der Stimmen in ihrem Amt best\u00e4tigt. In ihrer Rede machte die alte und neue Landesfrauenvorsitzende deutlich, dass Frauen wie M\u00e4nner jetzt die Chance haben, etwas in K\u00e4rnten zu bewegen und endlich die politische Kultur K\u00e4rntens zum Besseren zu ver\u00e4ndern. Daf\u00fcr sei auch entscheidend, dass m\u00f6glichts viele K\u00e4rnterInnen an der Landtagswahl im M\u00e4rz teilnehmen, denn so Blatnik: \u201eWer nicht zur Wahl geht, unterst\u00fctzt die Politik der Skandale\u201c.<\/p>\n<p>&nbsp;<\/p>\n<p>SP\u00d6-Landesparteivorsitzender Landeshauptmann-Stv. Peter Kaiser gratulierte Ana Blatnik zur Wiederwahl. In seiner\u00a0Rede ging der Vorsitzende\u00a0noch einmal auf die <a href=\"http:\/\/kaernten.spoe.at\/aktuelles\/aktuelle-kampagne\/fuenf-plaene-fuer-eine-starke-zukunft.html\">F\u00fcnf SP\u00d6-Pl\u00e4ne f\u00fcr eine starke Zukunft K\u00e4rntens<\/a> ein und unterstrich deren Vorteile, insbesondere f\u00fcr die K\u00e4rntner Frauen. Er betonte au\u00dferdem, dass \u201edie Leistungen von Frauen, ob in den Familien oder in der Arbeitswelt, noch st\u00e4rker in den Vordergrund ger\u00fcckt und auch fair und gerecht abgegolten werden m\u00fcssen.&#8220;<\/p>\n<p>&nbsp;<\/p>\n<p>Auch\u00a0Frauenministerin Gabriele Heinisch-Hosek wies auf weitere notwendige Verbesserungen insbesondere bei den Gehaltsangleichungen hin und bekr\u00e4ftigte ihre Forderung, die Familienf\u00f6rderung umzubauen, um eine faire und gerechte F\u00f6rderung f\u00fcr alle Familien zu erreichen.<\/p>\n<p>&nbsp;<\/p>\n","protected":false},"excerpt":{"rendered":"<p>Unter dem Motto &#8222;Wir Frauen bewegen K\u00e4rnten&#8220; fand am 19. Januar 2013 die Landesfrauenkonferenz der K\u00e4rntner SP\u00d6 in St. Veit statt.\u00a0Die bisherige Landesfrauenvorsitzende BRin Ana Blatnik wurde mit \u00fcberragenden 97,8% der Stimmen in ihrem Amt best\u00e4tigt. In ihrer Rede machte die alte und neue Landesfrauenvorsitzende deutlich, dass Frauen wie M\u00e4nner jetzt die Chance haben, etwas [&hellip;]<\/p>\n","protected":false},"author":2,"featured_media":0,"comment_status":"closed","ping_status":"closed","sticky":false,"template":"","format":"standard","meta":{"ngg_post_thumbnail":0,"footnotes":""},"categories":[19],"tags":[125,34,127,126,183,124,186],"class_list":["post-919","post","type-post","status-publish","format-standard","hentry","category-karnten","tag-ana-blatnik","tag-christine-muttonen","tag-funf-plane-fur-eine-starke-zukunft-karntens","tag-gabriele-heinisch-hosek","tag-karnten","tag-peter-kaiser","tag-spo"],"_links":{"self":[{"href":"https:\/\/christine-muttonen.at\/index.php?rest_route=\/wp\/v2\/posts\/919","targetHints":{"allow":["GET"]}}],"collection":[{"href":"https:\/\/christine-muttonen.at\/index.php?rest_route=\/wp\/v2\/posts"}],"about":[{"href":"https:\/\/christine-muttonen.at\/index.php?rest_route=\/wp\/v2\/types\/post"}],"author":[{"embeddable":true,"href":"https:\/\/christine-muttonen.at\/index.php?rest_route=\/wp\/v2\/users\/2"}],"replies":[{"embeddable":true,"href":"https:\/\/christine-muttonen.at\/index.php?rest_route=%2Fwp%2Fv2%2Fcomments&post=919"}],"version-history":[{"count":7,"href":"https:\/\/christine-muttonen.at\/index.php?rest_route=\/wp\/v2\/posts\/919\/revisions"}],"predecessor-version":[{"id":926,"href":"https:\/\/christine-muttonen.at\/index.php?rest_route=\/wp\/v2\/posts\/919\/revisions\/926"}],"wp:attachment":[{"href":"https:\/\/christine-muttonen.at\/index.php?rest_route=%2Fwp%2Fv2%2Fmedia&parent=919"}],"wp:term":[{"taxonomy":"category","embeddable":true,"href":"https:\/\/christine-muttonen.at\/index.php?rest_route=%2Fwp%2Fv2%2Fcategories&post=919"},{"taxonomy":"post_tag","embeddable":true,"href":"https:\/\/christine-muttonen.at\/index.php?rest_route=%2Fwp%2Fv2%2Ftags&post=919"}],"curies":[{"name":"wp","href":"https:\/\/api.w.org\/{rel}","templated":true}]}}