{"id":549,"date":"2012-09-12T13:08:04","date_gmt":"2012-09-12T13:08:04","guid":{"rendered":"https:\/\/christine-muttonen.at\/?p=549"},"modified":"2012-09-12T13:08:04","modified_gmt":"2012-09-12T13:08:04","slug":"muttonen-begrust-deutsche-esm-entscheidung","status":"publish","type":"post","link":"https:\/\/christine-muttonen.at\/?p=549","title":{"rendered":"Muttonen begr\u00fc\u00dft deutsche ESM-Entscheidung"},"content":{"rendered":"<p><strong>Jetzt Fokus auf Wachstum und Besch\u00e4ftigung legen<\/strong><\/p>\n<p><em>Wien (OTS\/SK) &#8211;<\/em>\u00a0Als einen wichtigen Schritt f\u00fcr die Stabilit\u00e4t Europas bezeichnete heute, Mittwoch, SP\u00d6-EU-Sprecherin Christine Muttonen das Urteil des deutschen Bundesverfassungsgerichts in Karlsruhe zum Europ\u00e4ischen Stabilit\u00e4tsmechanismus. &#8222;Nun kann der ESM in K\u00fcrze in Kraft treten, was einen wichtigen Schritt zur Stabilisierung Europas darstellt. Jetzt k\u00f6nnen wir den Fokus auf Wachstum und Besch\u00e4ftigung legen&#8220;, so Muttonen. ****<\/p>\n<p><!--more--><\/p>\n<p>&#8222;Wachstum und Besch\u00e4ftigung sind die Grundlagen f\u00fcr nachhaltige\u00a0Krisenbew\u00e4ltigung&#8220;, betonte die SP\u00d6-EU-Sprecherin und forderte die Kombination von intelligenten Einsparungen mit Investition in Zukunftsbereichen. Dar\u00fcber hinaus gelte es, nicht nur kurzfristig die richtigen Entscheidungen zu treffen, sondern auch langfristig die Strukturen der EU zu ver\u00e4ndern. &#8222;Hier hat Bundeskanzler Werner Faymann mit seinem Vorschlag f\u00fcr einen neuen EU-Konvent bereits einen wichtigen Impuls gegeben&#8220;, so Muttonen. (Schluss) bj\/sas\/mp<\/p>\n","protected":false},"excerpt":{"rendered":"<p>Jetzt Fokus auf Wachstum und Besch\u00e4ftigung legen Wien (OTS\/SK) &#8211;\u00a0Als einen wichtigen Schritt f\u00fcr die Stabilit\u00e4t Europas bezeichnete heute, Mittwoch, SP\u00d6-EU-Sprecherin Christine Muttonen das Urteil des deutschen Bundesverfassungsgerichts in Karlsruhe zum Europ\u00e4ischen Stabilit\u00e4tsmechanismus. &#8222;Nun kann der ESM in K\u00fcrze in Kraft treten, was einen wichtigen Schritt zur Stabilisierung Europas darstellt. Jetzt k\u00f6nnen wir den Fokus [&hellip;]<\/p>\n","protected":false},"author":2,"featured_media":0,"comment_status":"closed","ping_status":"closed","sticky":false,"template":"","format":"standard","meta":{"ngg_post_thumbnail":0,"footnotes":""},"categories":[22,16],"tags":[41,34,30,184,66,31,32,186,40],"class_list":["post-549","post","type-post","status-publish","format-standard","hentry","category-europa","category-presse","tag-beschaftigung","tag-christine-muttonen","tag-esm","tag-europa","tag-eu-konvent","tag-euro-krise","tag-eurozone","tag-spo","tag-wachstum"],"_links":{"self":[{"href":"https:\/\/christine-muttonen.at\/index.php?rest_route=\/wp\/v2\/posts\/549","targetHints":{"allow":["GET"]}}],"collection":[{"href":"https:\/\/christine-muttonen.at\/index.php?rest_route=\/wp\/v2\/posts"}],"about":[{"href":"https:\/\/christine-muttonen.at\/index.php?rest_route=\/wp\/v2\/types\/post"}],"author":[{"embeddable":true,"href":"https:\/\/christine-muttonen.at\/index.php?rest_route=\/wp\/v2\/users\/2"}],"replies":[{"embeddable":true,"href":"https:\/\/christine-muttonen.at\/index.php?rest_route=%2Fwp%2Fv2%2Fcomments&post=549"}],"version-history":[{"count":4,"href":"https:\/\/christine-muttonen.at\/index.php?rest_route=\/wp\/v2\/posts\/549\/revisions"}],"predecessor-version":[{"id":553,"href":"https:\/\/christine-muttonen.at\/index.php?rest_route=\/wp\/v2\/posts\/549\/revisions\/553"}],"wp:attachment":[{"href":"https:\/\/christine-muttonen.at\/index.php?rest_route=%2Fwp%2Fv2%2Fmedia&parent=549"}],"wp:term":[{"taxonomy":"category","embeddable":true,"href":"https:\/\/christine-muttonen.at\/index.php?rest_route=%2Fwp%2Fv2%2Fcategories&post=549"},{"taxonomy":"post_tag","embeddable":true,"href":"https:\/\/christine-muttonen.at\/index.php?rest_route=%2Fwp%2Fv2%2Ftags&post=549"}],"curies":[{"name":"wp","href":"https:\/\/api.w.org\/{rel}","templated":true}]}}