{"id":511,"date":"2012-08-09T12:01:45","date_gmt":"2012-08-09T12:01:45","guid":{"rendered":"https:\/\/christine-muttonen.at\/?p=511"},"modified":"2012-08-09T12:01:45","modified_gmt":"2012-08-09T12:01:45","slug":"69-kirchtag-in-villach","status":"publish","type":"post","link":"https:\/\/christine-muttonen.at\/?p=511","title":{"rendered":"69. Kirchtag in Villach"},"content":{"rendered":"<p><a href=\"https:\/\/christine-muttonen.at\/wp-content\/uploads\/2012\/08\/Villacher-Kirchtag-04.08-12-2.jpg\"><img loading=\"lazy\" decoding=\"async\" class=\"alignnone size-medium wp-image-512\" title=\"Villacher Kirchtag 04.08 (12) (2)\" src=\"https:\/\/christine-muttonen.at\/wp-content\/uploads\/2012\/08\/Villacher-Kirchtag-04.08-12-2-300x200.jpg\" alt=\"\" width=\"300\" height=\"200\" srcset=\"https:\/\/christine-muttonen.at\/wp-content\/uploads\/2012\/08\/Villacher-Kirchtag-04.08-12-2-300x200.jpg 300w, https:\/\/christine-muttonen.at\/wp-content\/uploads\/2012\/08\/Villacher-Kirchtag-04.08-12-2-1024x682.jpg 1024w\" sizes=\"auto, (max-width: 300px) 100vw, 300px\" \/><\/a>Am Samstag, den 04. August 2012, besuchte ich den 69. Villacher Kirchtag, der mit dem traditionellen Festzug der Trachtengruppen seinen H\u00f6hepunkt fand. Mit dabei war auch unser SP\u00d6 Landesparteivorsitzender LH Stv. Dr. Peter Kaiser.\u00a0 Es war wieder ein Fest, in dessen Mittelpunkt die bunte Vielfalt und das friedliche und lebendige Miteinander der Menschen im Alpen-Adria Raum stand. 57.000 BesucherInnen kamen allein am Samstag, um den Trachtenumzug zu verfolgen, an dem in diesem Jahr 3300 Trachtentr\u00e4gerinnen und Trachtentr\u00e4ger aus \u00d6sterreich und ganz Europa teilnahmen, darunter Gruppen aus Slowenien, Italien, Deutschland und Estland.<\/p>\n","protected":false},"excerpt":{"rendered":"<p>Am Samstag, den 04. August 2012, besuchte ich den 69. Villacher Kirchtag, der mit dem traditionellen Festzug der Trachtengruppen seinen H\u00f6hepunkt fand. Mit dabei war auch unser SP\u00d6 Landesparteivorsitzender LH Stv. Dr. Peter Kaiser.\u00a0 Es war wieder ein Fest, in dessen Mittelpunkt die bunte Vielfalt und das friedliche und lebendige Miteinander der Menschen im Alpen-Adria [&hellip;]<\/p>\n","protected":false},"author":2,"featured_media":0,"comment_status":"closed","ping_status":"closed","sticky":false,"template":"","format":"standard","meta":{"ngg_post_thumbnail":0,"footnotes":""},"categories":[19],"tags":[],"class_list":["post-511","post","type-post","status-publish","format-standard","hentry","category-karnten"],"_links":{"self":[{"href":"https:\/\/christine-muttonen.at\/index.php?rest_route=\/wp\/v2\/posts\/511","targetHints":{"allow":["GET"]}}],"collection":[{"href":"https:\/\/christine-muttonen.at\/index.php?rest_route=\/wp\/v2\/posts"}],"about":[{"href":"https:\/\/christine-muttonen.at\/index.php?rest_route=\/wp\/v2\/types\/post"}],"author":[{"embeddable":true,"href":"https:\/\/christine-muttonen.at\/index.php?rest_route=\/wp\/v2\/users\/2"}],"replies":[{"embeddable":true,"href":"https:\/\/christine-muttonen.at\/index.php?rest_route=%2Fwp%2Fv2%2Fcomments&post=511"}],"version-history":[{"count":3,"href":"https:\/\/christine-muttonen.at\/index.php?rest_route=\/wp\/v2\/posts\/511\/revisions"}],"predecessor-version":[{"id":515,"href":"https:\/\/christine-muttonen.at\/index.php?rest_route=\/wp\/v2\/posts\/511\/revisions\/515"}],"wp:attachment":[{"href":"https:\/\/christine-muttonen.at\/index.php?rest_route=%2Fwp%2Fv2%2Fmedia&parent=511"}],"wp:term":[{"taxonomy":"category","embeddable":true,"href":"https:\/\/christine-muttonen.at\/index.php?rest_route=%2Fwp%2Fv2%2Fcategories&post=511"},{"taxonomy":"post_tag","embeddable":true,"href":"https:\/\/christine-muttonen.at\/index.php?rest_route=%2Fwp%2Fv2%2Ftags&post=511"}],"curies":[{"name":"wp","href":"https:\/\/api.w.org\/{rel}","templated":true}]}}