{"id":4246,"date":"2017-09-18T14:05:00","date_gmt":"2017-09-18T14:05:00","guid":{"rendered":"https:\/\/christine-muttonen.at\/?p=4246"},"modified":"2017-09-22T14:12:04","modified_gmt":"2017-09-22T14:12:04","slug":"rede-in-der-uno-city-wir-brauchen-ein-breites-diplomatisches-engagement-um-den-frieden-in-europa-langfristig-zu-sichern","status":"publish","type":"post","link":"https:\/\/christine-muttonen.at\/?p=4246","title":{"rendered":"Rede in der UNO-City: Wir brauchen ein breites diplomatisches Engagement um den Frieden in Europa langfristig zu sichern."},"content":{"rendered":"<p><a href=\"https:\/\/christine-muttonen.at\/wp-content\/uploads\/2017\/09\/IMG_2290.jpg\"><img loading=\"lazy\" decoding=\"async\" class=\"alignleft size-medium wp-image-4247\" title=\"IMG_2290\" src=\"https:\/\/christine-muttonen.at\/wp-content\/uploads\/2017\/09\/IMG_2290-300x225.jpg\" alt=\"\" width=\"300\" height=\"225\" srcset=\"https:\/\/christine-muttonen.at\/wp-content\/uploads\/2017\/09\/IMG_2290-300x225.jpg 300w, https:\/\/christine-muttonen.at\/wp-content\/uploads\/2017\/09\/IMG_2290-1024x768.jpg 1024w, https:\/\/christine-muttonen.at\/wp-content\/uploads\/2017\/09\/IMG_2290.jpg 2016w\" sizes=\"auto, (max-width: 300px) 100vw, 300px\" \/><\/a>Anl\u00e4sslich des Internationalen Friedenstages war ich am 15. September eingeladen als OSZE-PV-Pr\u00e4sidentin auf einer Konferenz der Universal Peace Federation International in der Wiener UNO-City zu sprechen.<\/p>\n<p><!--more--><\/p>\n<p>&nbsp;<\/p>\n<p>In meiner Rede habe ich davor gewarnt, dass Europa von zu vielen bewaffneten Konflikten betroffen ist, was zunehmend unsere Sicherheit und den Frieden bedroht. Es ist daher notwendig, dass wir uns mit einem m\u00f6glichst breiten diplomatischen Engagement um die europ\u00e4ischen Krisen- und Konfliktherde k\u00fcmmern, bevor sie sich zu ausgewachsenen Kriegen entwickeln k\u00f6nnen.<\/p>\n<p>&nbsp;<\/p>\n<p>Die nationalen Parlamente und internationale Parlamente, wie das der OSZE, k\u00f6nnen dabei eine wichtige Rolle spielen, etwa um wichtige Akteure der Zivilgesellschaft f\u00fcr die L\u00f6sungssuche an Bord zu holen. Meine gesamte Rede kann <a href=\"http:\/\/www.oscepa.org\/documents\/all-documents\/president\/speeches-12\/3584-address-to-the-universal-peace-federation-vienna-15-september-2017\/file\">hier<\/a> auf Englisch nachgelesen werden.<\/p>\n","protected":false},"excerpt":{"rendered":"<p>Anl\u00e4sslich des Internationalen Friedenstages war ich am 15. September eingeladen als OSZE-PV-Pr\u00e4sidentin auf einer Konferenz der Universal Peace Federation International in der Wiener UNO-City zu sprechen.<\/p>\n","protected":false},"author":2,"featured_media":0,"comment_status":"closed","ping_status":"closed","sticky":false,"template":"","format":"standard","meta":{"ngg_post_thumbnail":0,"footnotes":""},"categories":[23,82],"tags":[],"class_list":["post-4246","post","type-post","status-publish","format-standard","hentry","category-ausenpolitik","category-osze-pv"],"_links":{"self":[{"href":"https:\/\/christine-muttonen.at\/index.php?rest_route=\/wp\/v2\/posts\/4246","targetHints":{"allow":["GET"]}}],"collection":[{"href":"https:\/\/christine-muttonen.at\/index.php?rest_route=\/wp\/v2\/posts"}],"about":[{"href":"https:\/\/christine-muttonen.at\/index.php?rest_route=\/wp\/v2\/types\/post"}],"author":[{"embeddable":true,"href":"https:\/\/christine-muttonen.at\/index.php?rest_route=\/wp\/v2\/users\/2"}],"replies":[{"embeddable":true,"href":"https:\/\/christine-muttonen.at\/index.php?rest_route=%2Fwp%2Fv2%2Fcomments&post=4246"}],"version-history":[{"count":5,"href":"https:\/\/christine-muttonen.at\/index.php?rest_route=\/wp\/v2\/posts\/4246\/revisions"}],"predecessor-version":[{"id":4258,"href":"https:\/\/christine-muttonen.at\/index.php?rest_route=\/wp\/v2\/posts\/4246\/revisions\/4258"}],"wp:attachment":[{"href":"https:\/\/christine-muttonen.at\/index.php?rest_route=%2Fwp%2Fv2%2Fmedia&parent=4246"}],"wp:term":[{"taxonomy":"category","embeddable":true,"href":"https:\/\/christine-muttonen.at\/index.php?rest_route=%2Fwp%2Fv2%2Fcategories&post=4246"},{"taxonomy":"post_tag","embeddable":true,"href":"https:\/\/christine-muttonen.at\/index.php?rest_route=%2Fwp%2Fv2%2Ftags&post=4246"}],"curies":[{"name":"wp","href":"https:\/\/api.w.org\/{rel}","templated":true}]}}