{"id":4118,"date":"2017-07-10T09:17:13","date_gmt":"2017-07-10T09:17:13","guid":{"rendered":"https:\/\/christine-muttonen.at\/?p=4118"},"modified":"2017-07-10T09:17:13","modified_gmt":"2017-07-10T09:17:13","slug":"karntner-nationalratsabgeordnete-muttonen-erneut-zur-prasidentin-der-osze-pv-gewahlt","status":"publish","type":"post","link":"https:\/\/christine-muttonen.at\/?p=4118","title":{"rendered":"K\u00e4rntner Nationalratsabgeordnete Muttonen erneut zur  Pr\u00e4sidentin der OSZE-PV gew\u00e4hlt"},"content":{"rendered":"<p><strong><br \/>\n<\/strong><strong><\/strong><strong>Utl.: Villacher Sozialdemokratin wird der Versammlung von 323 Abgeordneten aus 56 L\u00e4ndern ein weiteres Jahr vorstehen<\/strong><\/p>\n<p><strong>\u00a0<\/strong><\/p>\n<p>Die au\u00dfen-und europapolitische Sprecherin der SP\u00d6, Christine Muttonen, ist am Sonntagmorgen auf der Jahrestagung der Parlamentarischen Versammlung der OSZE in Minsk von den Abgeordneten einstimmig wiedergew\u00e4hlt worden. Bereits am Vortag hatte sich das Pr\u00e4sidium geschlossen hinter Muttonen gestellt.<\/p>\n<p>&nbsp;<\/p>\n<p>\u201eDas ist ein gro\u00dfer Vertrauensbeweis, der mir von meinen Kolleginnen und Kollegen entgegengebracht wird\u201c, \u00a0zeigte sich Muttonen von dem eindeutigen Ergebnis \u00fcberw\u00e4ltigt. \u201eDie Arbeit der OSZE und ihrer Parlamentarischen Versammlung ist in dieser Zeit, wo Europa schwere Krisen erlebt, ungemein wichtig geworden. Konflikte durch diplomatische Mittel zu l\u00f6sen und schwierigen Herausforderungen wie den Terrorismus, die internationale Kriminalit\u00e4t oder den Klimawandel durch Zusammenarbeit zu bew\u00e4ltigen, das ist das positive Markenzeichen der OSZE und ich freue mich sehr, diese friedensorientierte Politik ein weiteres Jahr in f\u00fchrender Position mitgestallten zu k\u00f6nnen.\u201c<\/p>\n<p>&nbsp;<\/p>\n<p><!--more--><\/p>\n<p>Den Fokus ihrer Arbeit will Muttonen auch in ihrer zweiten Amtszeit darauf legen, die diplomatischen Aktivt\u00e4ten der Parlamentarischen Versammlung zu verst\u00e4rken, die Beteiligung von Frauen in der Sicherheitspolitik zu verbessern und die Zusammenarbeit mit anderen regionalen Sicherheitsorganisationen auszubauen.<\/p>\n<p>Muttonen k\u00fcndigte zudem an, K\u00e4rnten auch in ihrem zweiten Pr\u00e4sidentschaftsjahr wieder in ihre Arbeit einzubinden und als Ort f\u00fcr Veranstaltungen der Parlamentarischen Versammlung zu nutzen. Die Pr\u00e4sidentin setzt dabei auf die gute Zusammenarbeit mit Landeshauptmann Peter Kaiser, den sie ausdr\u00fccklich f\u00fcr die bisherige Unterst\u00fctzung dankte. \u201eDie Konferenz zu Nationalen Minderheiten, die wir Ende Mai in Villach durchgef\u00fchrt haben, war ein gro\u00dfer Erfolg. Ich habe durchwegs positive R\u00fcckmeldungen von den TeilnehmerInnen erhalten. Ich bin mir daher sicher, dass wir in K\u00e4rnten weitere internationale Veranstaltungen durchf\u00fchren werden.\u201c<\/p>\n<p>&nbsp;<\/p>\n<p>Muttonen ist erst die zweite Frau und die erste direkt gew\u00e4hlte \u00d6sterreicherin die in der 25-j\u00e4hrigen Geschichte der OSZE-PV das im Amt der Pr\u00e4sidentin aus\u00fcbt. (Schluss)<\/p>\n","protected":false},"excerpt":{"rendered":"<p>Utl.: Villacher Sozialdemokratin wird der Versammlung von 323 Abgeordneten aus 56 L\u00e4ndern ein weiteres Jahr vorstehen \u00a0 Die au\u00dfen-und europapolitische Sprecherin der SP\u00d6, Christine Muttonen, ist am Sonntagmorgen auf der Jahrestagung der Parlamentarischen Versammlung der OSZE in Minsk von den Abgeordneten einstimmig wiedergew\u00e4hlt worden. Bereits am Vortag hatte sich das Pr\u00e4sidium geschlossen hinter Muttonen gestellt. [&hellip;]<\/p>\n","protected":false},"author":2,"featured_media":0,"comment_status":"closed","ping_status":"closed","sticky":false,"template":"","format":"standard","meta":{"ngg_post_thumbnail":0,"footnotes":""},"categories":[19,82,16],"tags":[],"class_list":["post-4118","post","type-post","status-publish","format-standard","hentry","category-karnten","category-osze-pv","category-presse"],"_links":{"self":[{"href":"https:\/\/christine-muttonen.at\/index.php?rest_route=\/wp\/v2\/posts\/4118","targetHints":{"allow":["GET"]}}],"collection":[{"href":"https:\/\/christine-muttonen.at\/index.php?rest_route=\/wp\/v2\/posts"}],"about":[{"href":"https:\/\/christine-muttonen.at\/index.php?rest_route=\/wp\/v2\/types\/post"}],"author":[{"embeddable":true,"href":"https:\/\/christine-muttonen.at\/index.php?rest_route=\/wp\/v2\/users\/2"}],"replies":[{"embeddable":true,"href":"https:\/\/christine-muttonen.at\/index.php?rest_route=%2Fwp%2Fv2%2Fcomments&post=4118"}],"version-history":[{"count":3,"href":"https:\/\/christine-muttonen.at\/index.php?rest_route=\/wp\/v2\/posts\/4118\/revisions"}],"predecessor-version":[{"id":4121,"href":"https:\/\/christine-muttonen.at\/index.php?rest_route=\/wp\/v2\/posts\/4118\/revisions\/4121"}],"wp:attachment":[{"href":"https:\/\/christine-muttonen.at\/index.php?rest_route=%2Fwp%2Fv2%2Fmedia&parent=4118"}],"wp:term":[{"taxonomy":"category","embeddable":true,"href":"https:\/\/christine-muttonen.at\/index.php?rest_route=%2Fwp%2Fv2%2Fcategories&post=4118"},{"taxonomy":"post_tag","embeddable":true,"href":"https:\/\/christine-muttonen.at\/index.php?rest_route=%2Fwp%2Fv2%2Ftags&post=4118"}],"curies":[{"name":"wp","href":"https:\/\/api.w.org\/{rel}","templated":true}]}}