{"id":4027,"date":"2017-05-18T12:35:12","date_gmt":"2017-05-18T12:35:12","guid":{"rendered":"https:\/\/christine-muttonen.at\/?p=4027"},"modified":"2017-10-19T07:49:24","modified_gmt":"2017-10-19T07:49:24","slug":"vernetzung-der-parlamentarischen-versammlung-der-osze-mit-der-friedens-burg-schlaining","status":"publish","type":"post","link":"https:\/\/christine-muttonen.at\/?p=4027","title":{"rendered":"Vernetzung der Parlamentarischen Versammlung der OSZE mit der Friedensburg Schlaining"},"content":{"rendered":"<p><a href=\"https:\/\/christine-muttonen.at\/wp-content\/uploads\/2017\/05\/IMG-20170518-WA0001.jpg\"><img loading=\"lazy\" decoding=\"async\" class=\"alignleft size-medium wp-image-4028\" title=\"IMG-20170518-WA0001\" src=\"https:\/\/christine-muttonen.at\/wp-content\/uploads\/2017\/05\/IMG-20170518-WA0001-300x225.jpg\" alt=\"\" width=\"300\" height=\"225\" srcset=\"https:\/\/christine-muttonen.at\/wp-content\/uploads\/2017\/05\/IMG-20170518-WA0001-300x225.jpg 300w, https:\/\/christine-muttonen.at\/wp-content\/uploads\/2017\/05\/IMG-20170518-WA0001.jpg 1024w\" sizes=\"auto, (max-width: 300px) 100vw, 300px\" \/><\/a>\u00d6sterreich beherbergt nicht nur den Sitz der weltweit gr\u00f6\u00dften regionalen Organisation f\u00fcr Sicherheit und Zusammenarbeit (OSZE) sondern besitzt mit der Friedensburg Schlaining auch ein international renommiertes Studienzentrum f\u00fcr Frieden und Konfliktl\u00f6sung (\u00d6SFK). Was l\u00e4ge also n\u00e4her als beide Einrichtungen zusammenzubringen. Ich habe daher am Mittwoch den Pr\u00e4sidenten und die Direktorin des \u00d6SFK, Dr. Peter Kostelka (2.v.r.) und Mag. Gudrun Kramer (1.v.r) und den stellvertretenden Direktor des Wiener Verbindungsb\u00fcros der OSZE-PV, Marc Carillet (1.v.l.), zu mir ins Parlament eingeladen. Gemeinsam haben wir erste Ideen gesammelt, welche M\u00f6glichkeiten es f\u00fcr zuk\u00fcnftige Kooperationen geben k\u00f6nnte.<\/p>\n","protected":false},"excerpt":{"rendered":"<p>\u00d6sterreich beherbergt nicht nur den Sitz der weltweit gr\u00f6\u00dften regionalen Organisation f\u00fcr Sicherheit und Zusammenarbeit (OSZE) sondern besitzt mit der Friedensburg Schlaining auch ein international renommiertes Studienzentrum f\u00fcr Frieden und Konfliktl\u00f6sung (\u00d6SFK). Was l\u00e4ge also n\u00e4her als beide Einrichtungen zusammenzubringen. Ich habe daher am Mittwoch den Pr\u00e4sidenten und die Direktorin des \u00d6SFK, Dr. Peter Kostelka [&hellip;]<\/p>\n","protected":false},"author":2,"featured_media":0,"comment_status":"closed","ping_status":"closed","sticky":false,"template":"","format":"standard","meta":{"ngg_post_thumbnail":0,"footnotes":""},"categories":[82],"tags":[],"class_list":["post-4027","post","type-post","status-publish","format-standard","hentry","category-osze-pv"],"_links":{"self":[{"href":"https:\/\/christine-muttonen.at\/index.php?rest_route=\/wp\/v2\/posts\/4027","targetHints":{"allow":["GET"]}}],"collection":[{"href":"https:\/\/christine-muttonen.at\/index.php?rest_route=\/wp\/v2\/posts"}],"about":[{"href":"https:\/\/christine-muttonen.at\/index.php?rest_route=\/wp\/v2\/types\/post"}],"author":[{"embeddable":true,"href":"https:\/\/christine-muttonen.at\/index.php?rest_route=\/wp\/v2\/users\/2"}],"replies":[{"embeddable":true,"href":"https:\/\/christine-muttonen.at\/index.php?rest_route=%2Fwp%2Fv2%2Fcomments&post=4027"}],"version-history":[{"count":3,"href":"https:\/\/christine-muttonen.at\/index.php?rest_route=\/wp\/v2\/posts\/4027\/revisions"}],"predecessor-version":[{"id":4320,"href":"https:\/\/christine-muttonen.at\/index.php?rest_route=\/wp\/v2\/posts\/4027\/revisions\/4320"}],"wp:attachment":[{"href":"https:\/\/christine-muttonen.at\/index.php?rest_route=%2Fwp%2Fv2%2Fmedia&parent=4027"}],"wp:term":[{"taxonomy":"category","embeddable":true,"href":"https:\/\/christine-muttonen.at\/index.php?rest_route=%2Fwp%2Fv2%2Fcategories&post=4027"},{"taxonomy":"post_tag","embeddable":true,"href":"https:\/\/christine-muttonen.at\/index.php?rest_route=%2Fwp%2Fv2%2Ftags&post=4027"}],"curies":[{"name":"wp","href":"https:\/\/api.w.org\/{rel}","templated":true}]}}