{"id":3976,"date":"2017-04-06T10:11:12","date_gmt":"2017-04-06T10:11:12","guid":{"rendered":"https:\/\/christine-muttonen.at\/?p=3976"},"modified":"2017-04-28T10:17:12","modified_gmt":"2017-04-28T10:17:12","slug":"gesprache-mit-der-maltesischen-ratsprasidentschaft","status":"publish","type":"post","link":"https:\/\/christine-muttonen.at\/?p=3976","title":{"rendered":"Gespr\u00e4che mit der maltesischen Ratspr\u00e4sidentschaft"},"content":{"rendered":"<p><a href=\"https:\/\/christine-muttonen.at\/wp-content\/uploads\/2017\/04\/Gruppenbild-Malta.jpg\"><img loading=\"lazy\" decoding=\"async\" class=\"alignleft size-full wp-image-3977\" title=\"Gruppenbild Malta\" src=\"https:\/\/christine-muttonen.at\/wp-content\/uploads\/2017\/04\/Gruppenbild-Malta.jpg\" alt=\"\" width=\"178\" height=\"178\" srcset=\"https:\/\/christine-muttonen.at\/wp-content\/uploads\/2017\/04\/Gruppenbild-Malta.jpg 178w, https:\/\/christine-muttonen.at\/wp-content\/uploads\/2017\/04\/Gruppenbild-Malta-150x150.jpg 150w\" sizes=\"auto, (max-width: 178px) 100vw, 178px\" \/><\/a>Seit Januar hat Malta f\u00fcr ein halbes Jahr die EU-Ratspr\u00e4sidentschaft inne. Ein besonderes Augenmerk wollen die Malteser in diesen Monaten auf die europ\u00e4ische Migrationspolitik und die Situation in den s\u00fcdlichen Mittelmeerl\u00e4ndern legen. Gemeinsam mit weiteren Genossinnen aus dem EU-Ausschuss und unseren sozialdemokratischen KollegInnen aus dem deutschen Bundestag war ich daher vom 3. bis 5. April zu Gespr\u00e4chen auf Malta, um mich \u00fcber die konkreten Vorhaben zu informieren.<\/p>\n<p><!--more--><\/p>\n<p>&nbsp;<\/p>\n<p>Daf\u00fcr haben wir nicht nur mit dem Exekutivdirektor der maltesischen Ratspr\u00e4sidentschaft Botschafter Camilleri und Vertretern der maltesischen Arbeiterpartei gesprochen. Weitere interessante Treffen gab es auch mit MitarbeiterInnen des auf Malta angesiedelten Europ\u00e4ischen Asylunterst\u00fctzungsb\u00fcros (EASO) \u2013 dessen Aufgabe es ist, die Zusammenarbeit der <a href=\"https:\/\/christine-muttonen.at\/wp-content\/uploads\/2017\/04\/pr170858c2.jpg\"><img loading=\"lazy\" decoding=\"async\" class=\"alignleft size-medium wp-image-3981\" title=\"pr170858c\" src=\"https:\/\/christine-muttonen.at\/wp-content\/uploads\/2017\/04\/pr170858c2-300x208.jpg\" alt=\"\" width=\"300\" height=\"208\" srcset=\"https:\/\/christine-muttonen.at\/wp-content\/uploads\/2017\/04\/pr170858c2-300x208.jpg 300w, https:\/\/christine-muttonen.at\/wp-content\/uploads\/2017\/04\/pr170858c2-1024x711.jpg 1024w, https:\/\/christine-muttonen.at\/wp-content\/uploads\/2017\/04\/pr170858c2.jpg 2048w\" sizes=\"auto, (max-width: 300px) 100vw, 300px\" \/><\/a>EU-Staaten im Asylbereich zu st\u00e4rken &#8211; und mit der maltesischen Delegation bei der Mittelmeerparlamentsversammlung.<\/p>\n<p>&nbsp;<\/p>\n<p>Ich habe die Gelegenheit auch genutzt, um mich als Pr\u00e4sidentin der Parlamentarischen Versammlung der OSZE mit den maltesischen Parlamentspr\u00e4sidenten Angelo Farrugia (Foto: 3.v.r.) zu treffen.<\/p>\n","protected":false},"excerpt":{"rendered":"<p>Seit Januar hat Malta f\u00fcr ein halbes Jahr die EU-Ratspr\u00e4sidentschaft inne. Ein besonderes Augenmerk wollen die Malteser in diesen Monaten auf die europ\u00e4ische Migrationspolitik und die Situation in den s\u00fcdlichen Mittelmeerl\u00e4ndern legen. Gemeinsam mit weiteren Genossinnen aus dem EU-Ausschuss und unseren sozialdemokratischen KollegInnen aus dem deutschen Bundestag war ich daher vom 3. bis 5. April [&hellip;]<\/p>\n","protected":false},"author":2,"featured_media":0,"comment_status":"closed","ping_status":"closed","sticky":false,"template":"","format":"standard","meta":{"ngg_post_thumbnail":0,"footnotes":""},"categories":[22,82],"tags":[],"class_list":["post-3976","post","type-post","status-publish","format-standard","hentry","category-europa","category-osze-pv"],"_links":{"self":[{"href":"https:\/\/christine-muttonen.at\/index.php?rest_route=\/wp\/v2\/posts\/3976","targetHints":{"allow":["GET"]}}],"collection":[{"href":"https:\/\/christine-muttonen.at\/index.php?rest_route=\/wp\/v2\/posts"}],"about":[{"href":"https:\/\/christine-muttonen.at\/index.php?rest_route=\/wp\/v2\/types\/post"}],"author":[{"embeddable":true,"href":"https:\/\/christine-muttonen.at\/index.php?rest_route=\/wp\/v2\/users\/2"}],"replies":[{"embeddable":true,"href":"https:\/\/christine-muttonen.at\/index.php?rest_route=%2Fwp%2Fv2%2Fcomments&post=3976"}],"version-history":[{"count":5,"href":"https:\/\/christine-muttonen.at\/index.php?rest_route=\/wp\/v2\/posts\/3976\/revisions"}],"predecessor-version":[{"id":3984,"href":"https:\/\/christine-muttonen.at\/index.php?rest_route=\/wp\/v2\/posts\/3976\/revisions\/3984"}],"wp:attachment":[{"href":"https:\/\/christine-muttonen.at\/index.php?rest_route=%2Fwp%2Fv2%2Fmedia&parent=3976"}],"wp:term":[{"taxonomy":"category","embeddable":true,"href":"https:\/\/christine-muttonen.at\/index.php?rest_route=%2Fwp%2Fv2%2Fcategories&post=3976"},{"taxonomy":"post_tag","embeddable":true,"href":"https:\/\/christine-muttonen.at\/index.php?rest_route=%2Fwp%2Fv2%2Ftags&post=3976"}],"curies":[{"name":"wp","href":"https:\/\/api.w.org\/{rel}","templated":true}]}}