{"id":3843,"date":"2017-02-22T11:17:12","date_gmt":"2017-02-22T11:17:12","guid":{"rendered":"https:\/\/christine-muttonen.at\/?p=3843"},"modified":"2017-03-03T11:22:05","modified_gmt":"2017-03-03T11:22:05","slug":"podiumsdiskussion-herausforderungen-der-osze-und-die-rolle-der-parla-mentarischen-versammlung","status":"publish","type":"post","link":"https:\/\/christine-muttonen.at\/?p=3843","title":{"rendered":"Podiumsdiskussion: Herausforderungen der OSZE und die Rolle der Parla-mentarischen Versammlung"},"content":{"rendered":"<p><a href=\"https:\/\/christine-muttonen.at\/wp-content\/uploads\/2017\/03\/IMG_3199.jpg\"><img loading=\"lazy\" decoding=\"async\" class=\"alignleft size-medium wp-image-3846\" title=\"IMG_3199\" src=\"https:\/\/christine-muttonen.at\/wp-content\/uploads\/2017\/03\/IMG_3199-300x200.jpg\" alt=\"\" width=\"300\" height=\"200\" srcset=\"https:\/\/christine-muttonen.at\/wp-content\/uploads\/2017\/03\/IMG_3199-300x200.jpg 300w, https:\/\/christine-muttonen.at\/wp-content\/uploads\/2017\/03\/IMG_3199-1024x682.jpg 1024w\" sizes=\"auto, (max-width: 300px) 100vw, 300px\" \/><\/a>Am 22. Februar war ich vom Renner Institut eingeladen, die Er\u00f6ffnungsrede f\u00fcr eine interessante Podiumsrunde zu halten, die das Institut anl\u00e4sslich der Wintertagung der OSZE-PV in den R\u00e4umen des Parlaments organisiert hat.<\/p>\n<p><!--more--><\/p>\n<p>&nbsp;<\/p>\n<p>Es ging um die Frage, vor welchen Herausforderungen die OSZE unter dem \u00f6sterreichischen Vorsitz 2017 steht und welche Rolle die Parlamentarische Versammlung dabei spielen kann, diese Herausforderungen zu meistern. Neben dem st\u00e4ndigen Vertreter \u00d6sterreichs bei der OSZE sa\u00dfen meine deutsche Kollegin in der OSZE-PV Doris Barnett und der Wissenschaftler Vedran Dzihic vom \u00d6sterreichischen Institut f\u00fcr Internationale Politik auf dem Podium.\u00a0 Alle waren sich einig, dass \u00d6sterreich \u00fcber die diplomatischen M\u00f6glichkeiten verf\u00fcgt, beruhigend auf die bestehenden Konflikte im OSZE-Raum einzuwirken, Br\u00fccken zwischen den verschiedenen Konfliktparteien aufzubauen und neue Gespr\u00e4chsinitiativen zu starten.<\/p>\n<p>&nbsp;<\/p>\n<p>Die Parlamentarische Versammlung, die offener und lebendiger kritische Themen diskutieren kann, als die OSZE- BotschafterInnen und MinisterInnen und die gute und enge Kontakte zur Zivilgesellschaft und den nationalen Parlamenten pflegt, werde dazu eine wichtige Unterst\u00fctzung bieten k\u00f6nnen. Der Umstand, dass aktuell sowohl der Ministerrat als auch die PV von \u00d6sterreicherInnen gef\u00fchrt werde, solle daher genutzt werden, um die Kooperation zwischen den beiden Institutionen zu verbessern und auszubauen.<\/p>\n","protected":false},"excerpt":{"rendered":"<p>Am 22. Februar war ich vom Renner Institut eingeladen, die Er\u00f6ffnungsrede f\u00fcr eine interessante Podiumsrunde zu halten, die das Institut anl\u00e4sslich der Wintertagung der OSZE-PV in den R\u00e4umen des Parlaments organisiert hat.<\/p>\n","protected":false},"author":2,"featured_media":0,"comment_status":"closed","ping_status":"closed","sticky":false,"template":"","format":"standard","meta":{"ngg_post_thumbnail":0,"footnotes":""},"categories":[23,82],"tags":[],"class_list":["post-3843","post","type-post","status-publish","format-standard","hentry","category-ausenpolitik","category-osze-pv"],"_links":{"self":[{"href":"https:\/\/christine-muttonen.at\/index.php?rest_route=\/wp\/v2\/posts\/3843","targetHints":{"allow":["GET"]}}],"collection":[{"href":"https:\/\/christine-muttonen.at\/index.php?rest_route=\/wp\/v2\/posts"}],"about":[{"href":"https:\/\/christine-muttonen.at\/index.php?rest_route=\/wp\/v2\/types\/post"}],"author":[{"embeddable":true,"href":"https:\/\/christine-muttonen.at\/index.php?rest_route=\/wp\/v2\/users\/2"}],"replies":[{"embeddable":true,"href":"https:\/\/christine-muttonen.at\/index.php?rest_route=%2Fwp%2Fv2%2Fcomments&post=3843"}],"version-history":[{"count":3,"href":"https:\/\/christine-muttonen.at\/index.php?rest_route=\/wp\/v2\/posts\/3843\/revisions"}],"predecessor-version":[{"id":3847,"href":"https:\/\/christine-muttonen.at\/index.php?rest_route=\/wp\/v2\/posts\/3843\/revisions\/3847"}],"wp:attachment":[{"href":"https:\/\/christine-muttonen.at\/index.php?rest_route=%2Fwp%2Fv2%2Fmedia&parent=3843"}],"wp:term":[{"taxonomy":"category","embeddable":true,"href":"https:\/\/christine-muttonen.at\/index.php?rest_route=%2Fwp%2Fv2%2Fcategories&post=3843"},{"taxonomy":"post_tag","embeddable":true,"href":"https:\/\/christine-muttonen.at\/index.php?rest_route=%2Fwp%2Fv2%2Ftags&post=3843"}],"curies":[{"name":"wp","href":"https:\/\/api.w.org\/{rel}","templated":true}]}}