{"id":3750,"date":"2016-12-20T13:10:07","date_gmt":"2016-12-20T13:10:07","guid":{"rendered":"https:\/\/christine-muttonen.at\/?p=3750"},"modified":"2016-12-20T13:10:07","modified_gmt":"2016-12-20T13:10:07","slug":"pv-prasidentin-muttonen-und-pv-generalsekretar-montella-verurteilen-den-todlichen-anschlag-auf-den-russischen-botschafter-in-der-turkei","status":"publish","type":"post","link":"https:\/\/christine-muttonen.at\/?p=3750","title":{"rendered":"PV \u2013Pr\u00e4sidentin Muttonen und PV-Generalsekret\u00e4r Montella verurteilen den t\u00f6dlichen Anschlag auf den russischen Botschafter in der T\u00fcrkei"},"content":{"rendered":"<p align=\"left\">&#8222;Die t\u00f6dlichen Sch\u00fcsse auf Botschafter Karlov waren nicht nur ein Angriff auf einen respektierten russischen Diplomaten, sondern auch ein Anschlag auf die Diplomatie an sich. Es muss jetzt eine schnelle und gr\u00fcndliche Untersuchung geben, wie es zu diesem schrecklichen Vorfall kommen konnte&#8220;, erkl\u00e4rten Muttonen und Montella.<\/p>\n<p align=\"left\">.<\/p>\n<p align=\"left\">Beide bekr\u00e4ftigten die Aussage des amtierenden OSZE-Vorsitzenden Frank-Walter Steinmeier und des OSZE-Generalsekret\u00e4rs Lamberto Zannier, die den Anschlag am Montag als durch nichts zu rechtfertigen verurteilt und den Angeh\u00f6rigen und Freunden von Botschafter Karlov ihr Beileid ausgedr\u00fcckt hatten.<\/p>\n","protected":false},"excerpt":{"rendered":"<p>&#8222;Die t\u00f6dlichen Sch\u00fcsse auf Botschafter Karlov waren nicht nur ein Angriff auf einen respektierten russischen Diplomaten, sondern auch ein Anschlag auf die Diplomatie an sich. Es muss jetzt eine schnelle und gr\u00fcndliche Untersuchung geben, wie es zu diesem schrecklichen Vorfall kommen konnte&#8220;, erkl\u00e4rten Muttonen und Montella. . Beide bekr\u00e4ftigten die Aussage des amtierenden OSZE-Vorsitzenden Frank-Walter [&hellip;]<\/p>\n","protected":false},"author":2,"featured_media":0,"comment_status":"closed","ping_status":"closed","sticky":false,"template":"","format":"standard","meta":{"ngg_post_thumbnail":0,"footnotes":""},"categories":[23,82,16],"tags":[],"class_list":["post-3750","post","type-post","status-publish","format-standard","hentry","category-ausenpolitik","category-osze-pv","category-presse"],"_links":{"self":[{"href":"https:\/\/christine-muttonen.at\/index.php?rest_route=\/wp\/v2\/posts\/3750","targetHints":{"allow":["GET"]}}],"collection":[{"href":"https:\/\/christine-muttonen.at\/index.php?rest_route=\/wp\/v2\/posts"}],"about":[{"href":"https:\/\/christine-muttonen.at\/index.php?rest_route=\/wp\/v2\/types\/post"}],"author":[{"embeddable":true,"href":"https:\/\/christine-muttonen.at\/index.php?rest_route=\/wp\/v2\/users\/2"}],"replies":[{"embeddable":true,"href":"https:\/\/christine-muttonen.at\/index.php?rest_route=%2Fwp%2Fv2%2Fcomments&post=3750"}],"version-history":[{"count":7,"href":"https:\/\/christine-muttonen.at\/index.php?rest_route=\/wp\/v2\/posts\/3750\/revisions"}],"predecessor-version":[{"id":3757,"href":"https:\/\/christine-muttonen.at\/index.php?rest_route=\/wp\/v2\/posts\/3750\/revisions\/3757"}],"wp:attachment":[{"href":"https:\/\/christine-muttonen.at\/index.php?rest_route=%2Fwp%2Fv2%2Fmedia&parent=3750"}],"wp:term":[{"taxonomy":"category","embeddable":true,"href":"https:\/\/christine-muttonen.at\/index.php?rest_route=%2Fwp%2Fv2%2Fcategories&post=3750"},{"taxonomy":"post_tag","embeddable":true,"href":"https:\/\/christine-muttonen.at\/index.php?rest_route=%2Fwp%2Fv2%2Ftags&post=3750"}],"curies":[{"name":"wp","href":"https:\/\/api.w.org\/{rel}","templated":true}]}}