{"id":3722,"date":"2016-12-18T10:31:09","date_gmt":"2016-12-18T10:31:09","guid":{"rendered":"https:\/\/christine-muttonen.at\/?p=3722"},"modified":"2016-12-19T10:31:30","modified_gmt":"2016-12-19T10:31:30","slug":"karntner-zivilschutz-delegation-zu-besuch-im-parlament","status":"publish","type":"post","link":"https:\/\/christine-muttonen.at\/?p=3722","title":{"rendered":"K\u00e4rntner Zivilschutz-Delegation zu Besuch im Parlament"},"content":{"rendered":"<p><a href=\"https:\/\/christine-muttonen.at\/wp-content\/uploads\/2016\/12\/161214_Karntner_Zivilschutz.jpg\"><img loading=\"lazy\" decoding=\"async\" class=\"alignleft size-medium wp-image-3723\" title=\"161214_Karntner_Zivilschutz\" src=\"https:\/\/christine-muttonen.at\/wp-content\/uploads\/2016\/12\/161214_Karntner_Zivilschutz-300x168.jpg\" alt=\"\" width=\"300\" height=\"168\" srcset=\"https:\/\/christine-muttonen.at\/wp-content\/uploads\/2016\/12\/161214_Karntner_Zivilschutz-300x168.jpg 300w, https:\/\/christine-muttonen.at\/wp-content\/uploads\/2016\/12\/161214_Karntner_Zivilschutz-1024x576.jpg 1024w\" sizes=\"auto, (max-width: 300px) 100vw, 300px\" \/><\/a>Am 14. Dezember pr\u00e4sentierten die Zivilschutzverb\u00e4nde, die Polizei und das Inneministerium im \u00f6sterreichischen Parlament ihre unterschiedlichen Aufgaben. Parlamentspr\u00e4sidentin Bures bedankte sich bei den Organisationen besonders f\u00fcr die Aufkl\u00e4rungsarbeit: &#8222;Die Aufgaben im Zivilschutz haben sich stark ver\u00e4ndert und die Zivilschutz- verb\u00e4nde beweisen immer wieder, dass sie auf der H\u00f6he der Zeit sind.&#8220;<\/p>\n<p>&nbsp;<\/p>\n<p>Ich habe mich besonders \u00fcber den Besuch der K\u00e4rntner Zivilschutz-Delegation gefreut und mich an ihrem Stand \u00fcber ihre Arbeit informiert. Wer mehr \u00fcber den K\u00e4rntner Zivilschutz erfahren m\u00f6chte, kann dies unter dem folgenden <a href=\"http:\/\/www.siz.cc\/kaernten\/aktuelles\/5263\">Link<\/a> machen.<\/p>\n","protected":false},"excerpt":{"rendered":"<p>Am 14. Dezember pr\u00e4sentierten die Zivilschutzverb\u00e4nde, die Polizei und das Inneministerium im \u00f6sterreichischen Parlament ihre unterschiedlichen Aufgaben. Parlamentspr\u00e4sidentin Bures bedankte sich bei den Organisationen besonders f\u00fcr die Aufkl\u00e4rungsarbeit: &#8222;Die Aufgaben im Zivilschutz haben sich stark ver\u00e4ndert und die Zivilschutz- verb\u00e4nde beweisen immer wieder, dass sie auf der H\u00f6he der Zeit sind.&#8220; &nbsp; Ich habe mich [&hellip;]<\/p>\n","protected":false},"author":2,"featured_media":0,"comment_status":"closed","ping_status":"closed","sticky":false,"template":"","format":"standard","meta":{"ngg_post_thumbnail":0,"footnotes":""},"categories":[19],"tags":[],"class_list":["post-3722","post","type-post","status-publish","format-standard","hentry","category-karnten"],"_links":{"self":[{"href":"https:\/\/christine-muttonen.at\/index.php?rest_route=\/wp\/v2\/posts\/3722","targetHints":{"allow":["GET"]}}],"collection":[{"href":"https:\/\/christine-muttonen.at\/index.php?rest_route=\/wp\/v2\/posts"}],"about":[{"href":"https:\/\/christine-muttonen.at\/index.php?rest_route=\/wp\/v2\/types\/post"}],"author":[{"embeddable":true,"href":"https:\/\/christine-muttonen.at\/index.php?rest_route=\/wp\/v2\/users\/2"}],"replies":[{"embeddable":true,"href":"https:\/\/christine-muttonen.at\/index.php?rest_route=%2Fwp%2Fv2%2Fcomments&post=3722"}],"version-history":[{"count":6,"href":"https:\/\/christine-muttonen.at\/index.php?rest_route=\/wp\/v2\/posts\/3722\/revisions"}],"predecessor-version":[{"id":3729,"href":"https:\/\/christine-muttonen.at\/index.php?rest_route=\/wp\/v2\/posts\/3722\/revisions\/3729"}],"wp:attachment":[{"href":"https:\/\/christine-muttonen.at\/index.php?rest_route=%2Fwp%2Fv2%2Fmedia&parent=3722"}],"wp:term":[{"taxonomy":"category","embeddable":true,"href":"https:\/\/christine-muttonen.at\/index.php?rest_route=%2Fwp%2Fv2%2Fcategories&post=3722"},{"taxonomy":"post_tag","embeddable":true,"href":"https:\/\/christine-muttonen.at\/index.php?rest_route=%2Fwp%2Fv2%2Ftags&post=3722"}],"curies":[{"name":"wp","href":"https:\/\/api.w.org\/{rel}","templated":true}]}}