{"id":3682,"date":"2016-11-23T17:02:54","date_gmt":"2016-11-23T17:02:54","guid":{"rendered":"https:\/\/christine-muttonen.at\/?p=3682"},"modified":"2016-11-23T17:02:54","modified_gmt":"2016-11-23T17:02:54","slug":"nationalrat-muttonen-budget-fur-ausenministerium-sichert-osterreichs-beitrag-fur-internationale-missionen","status":"publish","type":"post","link":"https:\/\/christine-muttonen.at\/?p=3682","title":{"rendered":"Nationalrat \u2013 Muttonen: Budget f\u00fcr Au\u00dfenministerium sichert \u00d6sterreichs Beitrag f\u00fcr internationale Missionen"},"content":{"rendered":"<p>Wien (OTS\/SK) &#8211; Die au\u00dfenpolitische Sprecherin der SP\u00d6, Christine Muttonen, h\u00e4lt es f\u00fcr gut, dass das Budget des Au\u00dfenministeriums f\u00fcr das kommende Jahr erh\u00f6ht wird. Denn angesichts vieler Kriegs- und Konfliktherde, Muttonen nannte Ostukraine, Syrien, den Irak, sei es absehbar, dass auch 2017 kein einfaches Jahr werden wird. Sie pl\u00e4diert daf\u00fcr, dass &#8222;wir unseren Beitrag leisten, die Nachbarl\u00e4nder Syriens zu unterst\u00fctzen, die eine gro\u00dfe Anzahl Fl\u00fcchtlinge aufgenommen haben&#8220;. Mit dem Budget f\u00fcr das kommende Jahr werde auch sichergestellt, dass \u00d6sterreich seine Beitr\u00e4ge zu internationalen Friedensmissionen leisten kann. ****<\/p>\n<p><!--more--><\/p>\n<p>&nbsp;<\/p>\n<p>Die gesamteurop\u00e4ische Friedens- und Sicherheitsarchitektur sieht Muttonen in der gr\u00f6\u00dften Krise seit Ende des Kalten Krieges. Sie betonte, dass \u00d6sterreich in dieser Situation &#8222;aktiv ist und Verantwortung \u00fcbernimmt&#8220;; dies nicht zuletzt damit, dass \u00d6sterreich den Vorsitz f\u00fcr die OSZE im Jahr 2017 \u00fcbernimmt.<\/p>\n<p>&nbsp;<\/p>\n<p>Gro\u00dfe Herausforderungen seien damit verbunden: Es gehe darum, Br\u00fccken zu bauen und wichtige Initiativen wie eine neue R\u00fcstungskontrolle voranzubringen. Muttonen will &#8222;\u00dcberzeugungsarbeit f\u00fcr eine gemeinsame Sicherheit leisten, das ist besser als Abschreckung&#8220;. (Schluss)<\/p>\n","protected":false},"excerpt":{"rendered":"<p>Wien (OTS\/SK) &#8211; Die au\u00dfenpolitische Sprecherin der SP\u00d6, Christine Muttonen, h\u00e4lt es f\u00fcr gut, dass das Budget des Au\u00dfenministeriums f\u00fcr das kommende Jahr erh\u00f6ht wird. Denn angesichts vieler Kriegs- und Konfliktherde, Muttonen nannte Ostukraine, Syrien, den Irak, sei es absehbar, dass auch 2017 kein einfaches Jahr werden wird. Sie pl\u00e4diert daf\u00fcr, dass &#8222;wir unseren Beitrag [&hellip;]<\/p>\n","protected":false},"author":2,"featured_media":0,"comment_status":"closed","ping_status":"closed","sticky":false,"template":"","format":"standard","meta":{"ngg_post_thumbnail":0,"footnotes":""},"categories":[23,16],"tags":[],"class_list":["post-3682","post","type-post","status-publish","format-standard","hentry","category-ausenpolitik","category-presse"],"_links":{"self":[{"href":"https:\/\/christine-muttonen.at\/index.php?rest_route=\/wp\/v2\/posts\/3682","targetHints":{"allow":["GET"]}}],"collection":[{"href":"https:\/\/christine-muttonen.at\/index.php?rest_route=\/wp\/v2\/posts"}],"about":[{"href":"https:\/\/christine-muttonen.at\/index.php?rest_route=\/wp\/v2\/types\/post"}],"author":[{"embeddable":true,"href":"https:\/\/christine-muttonen.at\/index.php?rest_route=\/wp\/v2\/users\/2"}],"replies":[{"embeddable":true,"href":"https:\/\/christine-muttonen.at\/index.php?rest_route=%2Fwp%2Fv2%2Fcomments&post=3682"}],"version-history":[{"count":4,"href":"https:\/\/christine-muttonen.at\/index.php?rest_route=\/wp\/v2\/posts\/3682\/revisions"}],"predecessor-version":[{"id":3686,"href":"https:\/\/christine-muttonen.at\/index.php?rest_route=\/wp\/v2\/posts\/3682\/revisions\/3686"}],"wp:attachment":[{"href":"https:\/\/christine-muttonen.at\/index.php?rest_route=%2Fwp%2Fv2%2Fmedia&parent=3682"}],"wp:term":[{"taxonomy":"category","embeddable":true,"href":"https:\/\/christine-muttonen.at\/index.php?rest_route=%2Fwp%2Fv2%2Fcategories&post=3682"},{"taxonomy":"post_tag","embeddable":true,"href":"https:\/\/christine-muttonen.at\/index.php?rest_route=%2Fwp%2Fv2%2Ftags&post=3682"}],"curies":[{"name":"wp","href":"https:\/\/api.w.org\/{rel}","templated":true}]}}