{"id":3665,"date":"2016-11-22T12:40:05","date_gmt":"2016-11-22T12:40:05","guid":{"rendered":"https:\/\/christine-muttonen.at\/?p=3665"},"modified":"2016-11-22T12:40:05","modified_gmt":"2016-11-22T12:40:05","slug":"tagung-der-nato-pv-in-istanbul","status":"publish","type":"post","link":"https:\/\/christine-muttonen.at\/?p=3665","title":{"rendered":"Tagung der NATO-PV in Istanbul"},"content":{"rendered":"<p><a href=\"https:\/\/christine-muttonen.at\/wp-content\/uploads\/2016\/11\/161121_NATO_PV.jpg\"><img loading=\"lazy\" decoding=\"async\" class=\"alignleft size-medium wp-image-3667\" title=\"161121_NATO_PV\" src=\"https:\/\/christine-muttonen.at\/wp-content\/uploads\/2016\/11\/161121_NATO_PV-300x168.jpg\" alt=\"\" width=\"300\" height=\"168\" srcset=\"https:\/\/christine-muttonen.at\/wp-content\/uploads\/2016\/11\/161121_NATO_PV-300x168.jpg 300w, https:\/\/christine-muttonen.at\/wp-content\/uploads\/2016\/11\/161121_NATO_PV-1024x576.jpg 1024w, https:\/\/christine-muttonen.at\/wp-content\/uploads\/2016\/11\/161121_NATO_PV.jpg 1600w\" sizes=\"auto, (max-width: 300px) 100vw, 300px\" \/><\/a>Am Montag war ich auf der Tagung der Parlamentarischen Versammlung der NATO \u00a0in Istanbul. Die Versammlung hatte mich eingeladen als Pr\u00e4sidentin der OSZE-PV neben dem t\u00fcrkischen Pr\u00e4sidenten Erdogan und NATO-Generalsekret\u00e4r Stoltenberg vor den Abgeordneten zu sprechen. In meiner <a href=\"https:\/\/christine-muttonen.at\/wp-content\/uploads\/2016\/11\/11-2016-Muttonen-NATO-PA-speech-LM3.pdf\">Rede <\/a>bin ich auf den wachsenden Konflikt zwischen der NATO und Russland eingegangen, der zunehmend den Frieden und die Sicherheit in Europa gef\u00e4hrdet. Dabei habe ich gegen\u00fcber den anwesenden Parlamentariern f\u00fcr eine de-eskalierende Sprache geworben: Anstatt einander weiter mit erneuter Aufr\u00fcstung zu drohen, sei es wichtig wieder in einen Dialog \u00fcber gemeinsame R\u00fcstungskontrollen einzutreten.<\/p>\n<p><!--more--><\/p>\n<p>&nbsp;<\/p>\n<p>Selbstverst\u00e4ndlich bin ich in Istanbul auch auf die aktuellen Entwicklungen in der T\u00fcrkei eingegangen und habe meine steigende Besorgnis dar\u00fcber ge\u00e4u\u00dfert.<\/p>\n<p>&nbsp;<\/p>\n<p>Die Lage in der T\u00fcrkei und die Situation in der Ostukraine standen dann auch im Zentrum von Gespr\u00e4chen, die ich im Anschluss an meine Rede mit den Parlamentspr\u00e4sidenten der T\u00fcrkei und der Ukraine f\u00fchren konnte.<\/p>\n","protected":false},"excerpt":{"rendered":"<p>Am Montag war ich auf der Tagung der Parlamentarischen Versammlung der NATO \u00a0in Istanbul. Die Versammlung hatte mich eingeladen als Pr\u00e4sidentin der OSZE-PV neben dem t\u00fcrkischen Pr\u00e4sidenten Erdogan und NATO-Generalsekret\u00e4r Stoltenberg vor den Abgeordneten zu sprechen. In meiner Rede bin ich auf den wachsenden Konflikt zwischen der NATO und Russland eingegangen, der zunehmend den Frieden [&hellip;]<\/p>\n","protected":false},"author":2,"featured_media":0,"comment_status":"closed","ping_status":"closed","sticky":false,"template":"","format":"standard","meta":{"ngg_post_thumbnail":0,"footnotes":""},"categories":[1,23,82],"tags":[],"class_list":["post-3665","post","type-post","status-publish","format-standard","hentry","category-allgemein","category-ausenpolitik","category-osze-pv"],"_links":{"self":[{"href":"https:\/\/christine-muttonen.at\/index.php?rest_route=\/wp\/v2\/posts\/3665","targetHints":{"allow":["GET"]}}],"collection":[{"href":"https:\/\/christine-muttonen.at\/index.php?rest_route=\/wp\/v2\/posts"}],"about":[{"href":"https:\/\/christine-muttonen.at\/index.php?rest_route=\/wp\/v2\/types\/post"}],"author":[{"embeddable":true,"href":"https:\/\/christine-muttonen.at\/index.php?rest_route=\/wp\/v2\/users\/2"}],"replies":[{"embeddable":true,"href":"https:\/\/christine-muttonen.at\/index.php?rest_route=%2Fwp%2Fv2%2Fcomments&post=3665"}],"version-history":[{"count":5,"href":"https:\/\/christine-muttonen.at\/index.php?rest_route=\/wp\/v2\/posts\/3665\/revisions"}],"predecessor-version":[{"id":3671,"href":"https:\/\/christine-muttonen.at\/index.php?rest_route=\/wp\/v2\/posts\/3665\/revisions\/3671"}],"wp:attachment":[{"href":"https:\/\/christine-muttonen.at\/index.php?rest_route=%2Fwp%2Fv2%2Fmedia&parent=3665"}],"wp:term":[{"taxonomy":"category","embeddable":true,"href":"https:\/\/christine-muttonen.at\/index.php?rest_route=%2Fwp%2Fv2%2Fcategories&post=3665"},{"taxonomy":"post_tag","embeddable":true,"href":"https:\/\/christine-muttonen.at\/index.php?rest_route=%2Fwp%2Fv2%2Ftags&post=3665"}],"curies":[{"name":"wp","href":"https:\/\/api.w.org\/{rel}","templated":true}]}}