{"id":3613,"date":"2016-10-09T14:24:07","date_gmt":"2016-10-09T14:24:07","guid":{"rendered":"https:\/\/christine-muttonen.at\/?p=3613"},"modified":"2016-10-19T14:24:32","modified_gmt":"2016-10-19T14:24:32","slug":"regionale-osterreichisch-kubanische-gesellschaft-in-karnten-gegrundet","status":"publish","type":"post","link":"https:\/\/christine-muttonen.at\/?p=3613","title":{"rendered":"Regionale \u00d6sterreichisch-Kubanische Gesellschaft in K\u00e4rnten gegr\u00fcndet"},"content":{"rendered":"<p><a href=\"https:\/\/christine-muttonen.at\/wp-content\/uploads\/2016\/10\/161010_Gruendung_OKG7.jpg\"><img loading=\"lazy\" decoding=\"async\" class=\"alignleft size-medium wp-image-3614\" title=\"161010_Gruendung_OKG7\" src=\"https:\/\/christine-muttonen.at\/wp-content\/uploads\/2016\/10\/161010_Gruendung_OKG7-300x199.jpg\" alt=\"\" width=\"300\" height=\"199\" srcset=\"https:\/\/christine-muttonen.at\/wp-content\/uploads\/2016\/10\/161010_Gruendung_OKG7-300x199.jpg 300w, https:\/\/christine-muttonen.at\/wp-content\/uploads\/2016\/10\/161010_Gruendung_OKG7-1024x680.jpg 1024w, https:\/\/christine-muttonen.at\/wp-content\/uploads\/2016\/10\/161010_Gruendung_OKG7.jpg 2048w\" sizes=\"auto, (max-width: 300px) 100vw, 300px\" \/><\/a>Am 7. Oktober hatte ich das gro\u00dfe Vergn\u00fcgen, gemeinsam mit Botschafter Juan Antonio Fern\u00e1ndez an der Gr\u00fcndungssitzung\u00a0 der K\u00e4rntner Regionalgruppe der \u00d6sterreichisch-Kubanischen Gesellschaft teilzunehmen. Ich w\u00fcnsche der frischen Gruppe und insbesondere ihrem 1. gew\u00e4hlten Vorsitzenden Stefan Salzmann viel Erfolg und Freude bei ihren geplanten Projekten und hoffe auf neue Impulse f\u00fcr die wirtschaftlichen und kulturellen Beziehungen zwischen K\u00e4rnten und Kuba.<\/p>\n","protected":false},"excerpt":{"rendered":"<p>Am 7. Oktober hatte ich das gro\u00dfe Vergn\u00fcgen, gemeinsam mit Botschafter Juan Antonio Fern\u00e1ndez an der Gr\u00fcndungssitzung\u00a0 der K\u00e4rntner Regionalgruppe der \u00d6sterreichisch-Kubanischen Gesellschaft teilzunehmen. Ich w\u00fcnsche der frischen Gruppe und insbesondere ihrem 1. gew\u00e4hlten Vorsitzenden Stefan Salzmann viel Erfolg und Freude bei ihren geplanten Projekten und hoffe auf neue Impulse f\u00fcr die wirtschaftlichen und kulturellen [&hellip;]<\/p>\n","protected":false},"author":2,"featured_media":0,"comment_status":"closed","ping_status":"closed","sticky":false,"template":"","format":"standard","meta":{"ngg_post_thumbnail":0,"footnotes":""},"categories":[1,19],"tags":[],"class_list":["post-3613","post","type-post","status-publish","format-standard","hentry","category-allgemein","category-karnten"],"_links":{"self":[{"href":"https:\/\/christine-muttonen.at\/index.php?rest_route=\/wp\/v2\/posts\/3613","targetHints":{"allow":["GET"]}}],"collection":[{"href":"https:\/\/christine-muttonen.at\/index.php?rest_route=\/wp\/v2\/posts"}],"about":[{"href":"https:\/\/christine-muttonen.at\/index.php?rest_route=\/wp\/v2\/types\/post"}],"author":[{"embeddable":true,"href":"https:\/\/christine-muttonen.at\/index.php?rest_route=\/wp\/v2\/users\/2"}],"replies":[{"embeddable":true,"href":"https:\/\/christine-muttonen.at\/index.php?rest_route=%2Fwp%2Fv2%2Fcomments&post=3613"}],"version-history":[{"count":4,"href":"https:\/\/christine-muttonen.at\/index.php?rest_route=\/wp\/v2\/posts\/3613\/revisions"}],"predecessor-version":[{"id":3618,"href":"https:\/\/christine-muttonen.at\/index.php?rest_route=\/wp\/v2\/posts\/3613\/revisions\/3618"}],"wp:attachment":[{"href":"https:\/\/christine-muttonen.at\/index.php?rest_route=%2Fwp%2Fv2%2Fmedia&parent=3613"}],"wp:term":[{"taxonomy":"category","embeddable":true,"href":"https:\/\/christine-muttonen.at\/index.php?rest_route=%2Fwp%2Fv2%2Fcategories&post=3613"},{"taxonomy":"post_tag","embeddable":true,"href":"https:\/\/christine-muttonen.at\/index.php?rest_route=%2Fwp%2Fv2%2Ftags&post=3613"}],"curies":[{"name":"wp","href":"https:\/\/api.w.org\/{rel}","templated":true}]}}