{"id":3574,"date":"2016-09-22T11:53:46","date_gmt":"2016-09-22T11:53:46","guid":{"rendered":"https:\/\/christine-muttonen.at\/?p=3574"},"modified":"2016-09-22T11:53:46","modified_gmt":"2016-09-22T11:53:46","slug":"odihr-konferenz-zu-demokratie-und-menschenrechten-in-warschau","status":"publish","type":"post","link":"https:\/\/christine-muttonen.at\/?p=3574","title":{"rendered":"ODIHR-Konferenz zu Demokratie und Menschenrechten in Warschau"},"content":{"rendered":"<p><a href=\"https:\/\/christine-muttonen.at\/wp-content\/uploads\/2016\/09\/160919_ODIHR_Treffen_Warschau.jpg\"><img loading=\"lazy\" decoding=\"async\" class=\"aligncenter size-medium wp-image-3575\" title=\"160919_ODIHR_Treffen_Warschau\" src=\"https:\/\/christine-muttonen.at\/wp-content\/uploads\/2016\/09\/160919_ODIHR_Treffen_Warschau-300x200.jpg\" alt=\"\" width=\"300\" height=\"200\" srcset=\"https:\/\/christine-muttonen.at\/wp-content\/uploads\/2016\/09\/160919_ODIHR_Treffen_Warschau-300x200.jpg 300w, https:\/\/christine-muttonen.at\/wp-content\/uploads\/2016\/09\/160919_ODIHR_Treffen_Warschau-1024x682.jpg 1024w, https:\/\/christine-muttonen.at\/wp-content\/uploads\/2016\/09\/160919_ODIHR_Treffen_Warschau.jpg 1152w\" sizes=\"auto, (max-width: 300px) 100vw, 300px\" \/><\/a>Der Schutz von Demokratie und Menschenrechten in der OSZE stand auch bei einem kurzen Besuch in Warschau auf der Tagesordnung. Hier findet vom 19. bis 30. September die j\u00e4hrliche Menschenrechtskonferenz des OSZE-B\u00fcros f\u00fcr demokratische Institutionen und Menschenrechte (ODIHR) statt. In meiner <a href=\"http:\/\/www.oscepa.org\/documents\/all-documents\/president\/speeches-12\/3399-speech-to-the-opening-of-osce-odihr-human-dimension-implementation-meeting-19-sept-2016-eng\/file\">Rede<\/a>\u00a0am Er\u00f6ffnungstag habe ich ein gemeinsames, solidarisches und menschenrechtskonformes Vorgehen aller europ\u00e4ischen Staaten in der Fl\u00fcchtlingskrise angemahnt und kritisiert, dass die Regierungen seit einigen Jahren nicht mehr in der Lage sind innerhalb der OSZE gemeinsame Entscheidungen zu wichtigen Menschenrechtsfragen zu treffen.<\/p>\n","protected":false},"excerpt":{"rendered":"<p>Der Schutz von Demokratie und Menschenrechten in der OSZE stand auch bei einem kurzen Besuch in Warschau auf der Tagesordnung. Hier findet vom 19. bis 30. September die j\u00e4hrliche Menschenrechtskonferenz des OSZE-B\u00fcros f\u00fcr demokratische Institutionen und Menschenrechte (ODIHR) statt. In meiner Rede\u00a0am Er\u00f6ffnungstag habe ich ein gemeinsames, solidarisches und menschenrechtskonformes Vorgehen aller europ\u00e4ischen Staaten in [&hellip;]<\/p>\n","protected":false},"author":2,"featured_media":0,"comment_status":"closed","ping_status":"closed","sticky":false,"template":"","format":"standard","meta":{"ngg_post_thumbnail":0,"footnotes":""},"categories":[1,82],"tags":[],"class_list":["post-3574","post","type-post","status-publish","format-standard","hentry","category-allgemein","category-osze-pv"],"_links":{"self":[{"href":"https:\/\/christine-muttonen.at\/index.php?rest_route=\/wp\/v2\/posts\/3574","targetHints":{"allow":["GET"]}}],"collection":[{"href":"https:\/\/christine-muttonen.at\/index.php?rest_route=\/wp\/v2\/posts"}],"about":[{"href":"https:\/\/christine-muttonen.at\/index.php?rest_route=\/wp\/v2\/types\/post"}],"author":[{"embeddable":true,"href":"https:\/\/christine-muttonen.at\/index.php?rest_route=\/wp\/v2\/users\/2"}],"replies":[{"embeddable":true,"href":"https:\/\/christine-muttonen.at\/index.php?rest_route=%2Fwp%2Fv2%2Fcomments&post=3574"}],"version-history":[{"count":3,"href":"https:\/\/christine-muttonen.at\/index.php?rest_route=\/wp\/v2\/posts\/3574\/revisions"}],"predecessor-version":[{"id":3578,"href":"https:\/\/christine-muttonen.at\/index.php?rest_route=\/wp\/v2\/posts\/3574\/revisions\/3578"}],"wp:attachment":[{"href":"https:\/\/christine-muttonen.at\/index.php?rest_route=%2Fwp%2Fv2%2Fmedia&parent=3574"}],"wp:term":[{"taxonomy":"category","embeddable":true,"href":"https:\/\/christine-muttonen.at\/index.php?rest_route=%2Fwp%2Fv2%2Fcategories&post=3574"},{"taxonomy":"post_tag","embeddable":true,"href":"https:\/\/christine-muttonen.at\/index.php?rest_route=%2Fwp%2Fv2%2Ftags&post=3574"}],"curies":[{"name":"wp","href":"https:\/\/api.w.org\/{rel}","templated":true}]}}