{"id":3220,"date":"2016-04-19T09:29:49","date_gmt":"2016-04-19T09:29:49","guid":{"rendered":"https:\/\/christine-muttonen.at\/?p=3220"},"modified":"2016-05-25T17:54:01","modified_gmt":"2016-05-25T17:54:01","slug":"osze-seminar-zu-grenzkonflikten-armenier-und-aserbaidschaner-an-einem-tisch","status":"publish","type":"post","link":"https:\/\/christine-muttonen.at\/?p=3220","title":{"rendered":"OSZE- Seminar zu Grenzkonflikten: Armenier und Aserbaidschaner an einem Tisch"},"content":{"rendered":"<p><span style=\"font-family: Arial;\"><br \/>\n<a href=\"https:\/\/christine-muttonen.at\/wp-content\/uploads\/2016\/04\/25897335403_09aa4c0244_m.jpg\"><img loading=\"lazy\" decoding=\"async\" class=\"alignleft size-thumbnail wp-image-3306\" title=\"25897335403_09aa4c0244_m\" src=\"https:\/\/christine-muttonen.at\/wp-content\/uploads\/2016\/04\/25897335403_09aa4c0244_m-150x150.jpg\" alt=\"\" width=\"150\" height=\"150\" \/><\/a>Am 16. und 17. April war ich in dem kleinen Ort Leinsweiler in der deutsch-franz\u00f6sischen Grenzregion, um f\u00fcr die Parlamentarische Versammlung ein Seminar \u00fcber Grenzkonflikte mitzuleiten. Insgesamt nahmen Abgeordnete aus 15 OSZE-L\u00e4ndern teil, aber vor allem richtete sich das Seminar nat\u00fcrlich an die Parlamentarier aus L\u00e4ndern wie Russland, Armenien, Aserbaidschan und Georgien, die von aktuellen Grenzkonflikten betroffen sind. Auch die Ukrainer waren eingeladen gewesen, haben aber leider kurzfristig abgesagt.<\/span><\/p>\n<p><span style=\"font-family: Arial;\">\u00a0<!--more--><\/span><\/p>\n<p><span style=\"font-family: Arial;\">In dem Seminar lernten die TeilnehmerInnen viel \u00fcber die historischen Grenzkonflikte zwischen Deutschland und Frankreich sowie \u00d6sterreich und Italien und dar\u00fcber, wie diese Streitigkeiten letztendlich beigelegt und erfolgreiche Vers\u00f6hnungen in Gang gesetzt werden konnten. Ich habe in diesem Zusammenhang auch die Geschichte K\u00e4rntens angesprochen.<\/span><\/p>\n<p><span style=\"font-family: Arial;\">\u00a0<\/span><\/p>\n<p>&nbsp;<\/p>\n<p><span style=\"font-family: Arial;\">F\u00fcr besondere Freude sorgte bei allen Anwesenden das erste direkte Gespr\u00e4ch zwischen den aserbaidschanischen und armenischen Delegierten, zwischen deren Landesvertretern wegen des Berg-Karabach-Konflikts normalerweise gro\u00dfes Schweigen herrscht (Foto).<\/span><\/p>\n","protected":false},"excerpt":{"rendered":"<p>Am 16. und 17. April war ich in dem kleinen Ort Leinsweiler in der deutsch-franz\u00f6sischen Grenzregion, um f\u00fcr die Parlamentarische Versammlung ein Seminar \u00fcber Grenzkonflikte mitzuleiten. Insgesamt nahmen Abgeordnete aus 15 OSZE-L\u00e4ndern teil, aber vor allem richtete sich das Seminar nat\u00fcrlich an die Parlamentarier aus L\u00e4ndern wie Russland, Armenien, Aserbaidschan und Georgien, die von aktuellen [&hellip;]<\/p>\n","protected":false},"author":2,"featured_media":0,"comment_status":"closed","ping_status":"closed","sticky":false,"template":"","format":"standard","meta":{"ngg_post_thumbnail":0,"footnotes":""},"categories":[82],"tags":[],"class_list":["post-3220","post","type-post","status-publish","format-standard","hentry","category-osze-pv"],"_links":{"self":[{"href":"https:\/\/christine-muttonen.at\/index.php?rest_route=\/wp\/v2\/posts\/3220","targetHints":{"allow":["GET"]}}],"collection":[{"href":"https:\/\/christine-muttonen.at\/index.php?rest_route=\/wp\/v2\/posts"}],"about":[{"href":"https:\/\/christine-muttonen.at\/index.php?rest_route=\/wp\/v2\/types\/post"}],"author":[{"embeddable":true,"href":"https:\/\/christine-muttonen.at\/index.php?rest_route=\/wp\/v2\/users\/2"}],"replies":[{"embeddable":true,"href":"https:\/\/christine-muttonen.at\/index.php?rest_route=%2Fwp%2Fv2%2Fcomments&post=3220"}],"version-history":[{"count":5,"href":"https:\/\/christine-muttonen.at\/index.php?rest_route=\/wp\/v2\/posts\/3220\/revisions"}],"predecessor-version":[{"id":3224,"href":"https:\/\/christine-muttonen.at\/index.php?rest_route=\/wp\/v2\/posts\/3220\/revisions\/3224"}],"wp:attachment":[{"href":"https:\/\/christine-muttonen.at\/index.php?rest_route=%2Fwp%2Fv2%2Fmedia&parent=3220"}],"wp:term":[{"taxonomy":"category","embeddable":true,"href":"https:\/\/christine-muttonen.at\/index.php?rest_route=%2Fwp%2Fv2%2Fcategories&post=3220"},{"taxonomy":"post_tag","embeddable":true,"href":"https:\/\/christine-muttonen.at\/index.php?rest_route=%2Fwp%2Fv2%2Ftags&post=3220"}],"curies":[{"name":"wp","href":"https:\/\/api.w.org\/{rel}","templated":true}]}}