{"id":297,"date":"2012-04-19T14:04:15","date_gmt":"2012-04-19T14:04:15","guid":{"rendered":"https:\/\/muttonen.headroom.at\/?p=297"},"modified":"2012-06-27T11:59:28","modified_gmt":"2012-06-27T11:59:28","slug":"gedenktag-70-jahre-deportation-der-slowenen-und-sloweninnen-in-karnten","status":"publish","type":"post","link":"https:\/\/christine-muttonen.at\/?p=297","title":{"rendered":"Gedenktag 70 Jahre Deportation der Slowenen und Sloweninnen in K\u00e4rnten"},"content":{"rendered":"<p>Aus der Geschichte zu lernen ist f\u00fcr die menschliche Gesellschaft ein notwendiger und manchmal schmerzhafter Prozess. Am vergangenen Sonntag, dem 15. April 2012, fand der Gedenktag zur Erinnerung der Deportation der K\u00e4rntner Slowenen und Sloweninnen vor 70 Jahren statt. Damals wurden an die 300 K\u00e4rntner Familien vom Naziregime gezwungen ihre H\u00e4user und H\u00f6fe zu verlassen, weil sie zur slowenischen Volksgruppe geh\u00f6rten und sich der brutalen Germanisierung nicht beugen wollten. Ihr Hab und Gut wurde eingezogen und sie selbst in Lager nach Mittel-und Norddeutschland deportiert. <!--more--><\/p>\n<p>&nbsp;<\/p>\n<p>Dieses Verbrechen hat zwischen den K\u00e4rntnern weite Gr\u00e4ben aufgeworfen und tiefe Wunden gerissen, die bis heute nicht zufriedenstellend \u00fcberbr\u00fcckt und verheilt werden konnten. Als einzige offizielle Vertreterin der \u00f6sterreichischen Politik war ich eingeladen worden, um auf der Gedenkveranstaltung im Klagenfurter Konzerthaus zu sprechen. Ich habe dabei die Vers\u00e4umnisse K\u00e4rntens angesprochen, aber auch auf die mittlerweile zahlreichen positiven Entwicklungen hingewiesen, wie die steigende Anzahl von Sch\u00fclerInnen, die den zweisprachigen Volksschulunterricht nutzen, die Beilegung des Ortstafelstreits oder die vielen kulturellen Projekte. Dabei habe ich versucht deutlich zu machen, dass wir die Zukunft K\u00e4rntens nur gemeinsam gestalten k\u00f6nnen und dass hierf\u00fcr eine vollst\u00e4ndige und ehrliche Auseinandersetzung mit unserer Geschichte notwendig ist. Den genauen Wortlaut meiner Rede k\u00f6nnen alle Interessierten im beigef\u00fcgten <a title=\"pdf-Dokument\" href=\"https:\/\/muttonen.headroom.at\/wp-content\/uploads\/2012\/05\/Rede-von-Christine-Muttonen-anl\u00e4sslich-der-Deportation-der-K\u00e4rntner-Slowenen-und-Sloweninnen-vor-70-Jahren.pdf\" target=\"_blank\">pdf-Dokument <\/a>nachlesen.<\/p>\n","protected":false},"excerpt":{"rendered":"<p>Aus der Geschichte zu lernen ist f\u00fcr die menschliche Gesellschaft ein notwendiger und manchmal schmerzhafter Prozess. Am vergangenen Sonntag, dem 15. April 2012, fand der Gedenktag zur Erinnerung der Deportation der K\u00e4rntner Slowenen und Sloweninnen vor 70 Jahren statt. Damals wurden an die 300 K\u00e4rntner Familien vom Naziregime gezwungen ihre H\u00e4user und H\u00f6fe zu verlassen, [&hellip;]<\/p>\n","protected":false},"author":2,"featured_media":0,"comment_status":"closed","ping_status":"closed","sticky":false,"template":"","format":"standard","meta":{"ngg_post_thumbnail":0,"footnotes":""},"categories":[19],"tags":[34,183,42,186],"class_list":["post-297","post","type-post","status-publish","format-standard","hentry","category-karnten","tag-christine-muttonen","tag-karnten","tag-slowenen","tag-spo"],"_links":{"self":[{"href":"https:\/\/christine-muttonen.at\/index.php?rest_route=\/wp\/v2\/posts\/297","targetHints":{"allow":["GET"]}}],"collection":[{"href":"https:\/\/christine-muttonen.at\/index.php?rest_route=\/wp\/v2\/posts"}],"about":[{"href":"https:\/\/christine-muttonen.at\/index.php?rest_route=\/wp\/v2\/types\/post"}],"author":[{"embeddable":true,"href":"https:\/\/christine-muttonen.at\/index.php?rest_route=\/wp\/v2\/users\/2"}],"replies":[{"embeddable":true,"href":"https:\/\/christine-muttonen.at\/index.php?rest_route=%2Fwp%2Fv2%2Fcomments&post=297"}],"version-history":[{"count":5,"href":"https:\/\/christine-muttonen.at\/index.php?rest_route=\/wp\/v2\/posts\/297\/revisions"}],"predecessor-version":[{"id":300,"href":"https:\/\/christine-muttonen.at\/index.php?rest_route=\/wp\/v2\/posts\/297\/revisions\/300"}],"wp:attachment":[{"href":"https:\/\/christine-muttonen.at\/index.php?rest_route=%2Fwp%2Fv2%2Fmedia&parent=297"}],"wp:term":[{"taxonomy":"category","embeddable":true,"href":"https:\/\/christine-muttonen.at\/index.php?rest_route=%2Fwp%2Fv2%2Fcategories&post=297"},{"taxonomy":"post_tag","embeddable":true,"href":"https:\/\/christine-muttonen.at\/index.php?rest_route=%2Fwp%2Fv2%2Ftags&post=297"}],"curies":[{"name":"wp","href":"https:\/\/api.w.org\/{rel}","templated":true}]}}