{"id":2943,"date":"2015-10-22T13:31:00","date_gmt":"2015-10-22T13:31:00","guid":{"rendered":"https:\/\/christine-muttonen.at\/?p=2943"},"modified":"2015-10-22T13:31:00","modified_gmt":"2015-10-22T13:31:00","slug":"muttonen-mit-abschaffung-des-proporzes-gelingt-karnten-historischer-schritt","status":"publish","type":"post","link":"https:\/\/christine-muttonen.at\/?p=2943","title":{"rendered":"Muttonen: Mit Abschaffung des Proporzes gelingt K\u00e4rnten historischer Schritt"},"content":{"rendered":"<p><strong>St\u00e4rkung des Landtags und der Opposition sowie europapolitische Stunde im Landtag sind demokratiepolitische Meilensteine<\/strong><\/p>\n<p><em>Wien (OTS\/SK)<\/em>\u00a0&#8211;\u00a0&#8222;Mit der heutigen Einigung im Rechts- und Verfassungsausschuss des K\u00e4rntner Landtages auf eine neue Landesverfassung, die unter anderem die Abschaffung des Proporzes und die St\u00e4rkung der Rechte des Landtages beinhaltet, ist in K\u00e4rnten ein historischer Schritt gelungen&#8220;, sagt die K\u00e4rntner SP\u00d6-Nationalratsabgeordnete\u00a0Christine Muttonen\u00a0heute gegen\u00fcber dem SP\u00d6-Pressedienst.****<\/p>\n<p>&nbsp;<\/p>\n<p>&nbsp;<\/p>\n<p><!--more--><\/p>\n<p>&#8222;Mit der Abschaffung der Proporzregierung ist eine klarere Trennung zwischen der Regierung und der Opposition m\u00f6glich. Gleichzeitig wird die Gewaltenteilung zwischen Regierung und Landtag gest\u00e4rkt. Das neue System ist modern und ein Meilenstein. Damit ist es der SP\u00d6 gelungen, gemeinsam mit den \u00fcbrigen Koalitionsparteien, das Land auch demokratiepolitisch wieder einen gro\u00dfen Schritt nach vorne zu bringen. F\u00fcr die K\u00e4rntnerinnen und K\u00e4rntner wird die Politik transparenter und \u00fcbersichtlicher&#8220;, ist Muttonen \u00fcberzeugt.<\/p>\n<p>&nbsp;<\/p>\n<p>Besonders erfreut zeigt sich die SP\u00d6-Europasprecherin auch \u00fcber die nun gesetzlich verankerte europapolitische Stunde im Landtag. &#8222;Europa ist nicht irgendwo weit weg, sondern Teil unseres t\u00e4glichen Lebens. Eine Auseinandersetzung mit der EU ist daher notwendig und sinnvoll, vor allem auch auf regionaler Ebene&#8220;, so Muttonen.<\/p>\n<p>Befremdlich ist f\u00fcr Muttonen, dass die FP\u00d6 im Ausschuss gegen die Verfassungsreform gestimmt hat. &#8222;Wieder einmal zeigt sich, welch demokratiepolitisches Bild sich hinter dieser Partei verbirgt&#8220;, kritisiert Muttonen. (Schluss) up\/ms\/mp<\/p>\n","protected":false},"excerpt":{"rendered":"<p>St\u00e4rkung des Landtags und der Opposition sowie europapolitische Stunde im Landtag sind demokratiepolitische Meilensteine Wien (OTS\/SK)\u00a0&#8211;\u00a0&#8222;Mit der heutigen Einigung im Rechts- und Verfassungsausschuss des K\u00e4rntner Landtages auf eine neue Landesverfassung, die unter anderem die Abschaffung des Proporzes und die St\u00e4rkung der Rechte des Landtages beinhaltet, ist in K\u00e4rnten ein historischer Schritt gelungen&#8220;, sagt die K\u00e4rntner [&hellip;]<\/p>\n","protected":false},"author":2,"featured_media":0,"comment_status":"closed","ping_status":"closed","sticky":false,"template":"","format":"standard","meta":{"ngg_post_thumbnail":0,"footnotes":""},"categories":[19,16],"tags":[],"class_list":["post-2943","post","type-post","status-publish","format-standard","hentry","category-karnten","category-presse"],"_links":{"self":[{"href":"https:\/\/christine-muttonen.at\/index.php?rest_route=\/wp\/v2\/posts\/2943","targetHints":{"allow":["GET"]}}],"collection":[{"href":"https:\/\/christine-muttonen.at\/index.php?rest_route=\/wp\/v2\/posts"}],"about":[{"href":"https:\/\/christine-muttonen.at\/index.php?rest_route=\/wp\/v2\/types\/post"}],"author":[{"embeddable":true,"href":"https:\/\/christine-muttonen.at\/index.php?rest_route=\/wp\/v2\/users\/2"}],"replies":[{"embeddable":true,"href":"https:\/\/christine-muttonen.at\/index.php?rest_route=%2Fwp%2Fv2%2Fcomments&post=2943"}],"version-history":[{"count":4,"href":"https:\/\/christine-muttonen.at\/index.php?rest_route=\/wp\/v2\/posts\/2943\/revisions"}],"predecessor-version":[{"id":2947,"href":"https:\/\/christine-muttonen.at\/index.php?rest_route=\/wp\/v2\/posts\/2943\/revisions\/2947"}],"wp:attachment":[{"href":"https:\/\/christine-muttonen.at\/index.php?rest_route=%2Fwp%2Fv2%2Fmedia&parent=2943"}],"wp:term":[{"taxonomy":"category","embeddable":true,"href":"https:\/\/christine-muttonen.at\/index.php?rest_route=%2Fwp%2Fv2%2Fcategories&post=2943"},{"taxonomy":"post_tag","embeddable":true,"href":"https:\/\/christine-muttonen.at\/index.php?rest_route=%2Fwp%2Fv2%2Ftags&post=2943"}],"curies":[{"name":"wp","href":"https:\/\/api.w.org\/{rel}","templated":true}]}}