{"id":291,"date":"2012-04-19T14:01:43","date_gmt":"2012-04-19T14:01:43","guid":{"rendered":"https:\/\/muttonen.headroom.at\/?p=291"},"modified":"2012-06-27T12:00:25","modified_gmt":"2012-06-27T12:00:25","slug":"besuch-des-tunesischer-staatssekretars-fur-europapolitik","status":"publish","type":"post","link":"https:\/\/christine-muttonen.at\/?p=291","title":{"rendered":"Besuch des tunesischer Staatssekret\u00e4rs f\u00fcr Europapolitik"},"content":{"rendered":"<p><a href=\"https:\/\/muttonen.headroom.at\/wp-content\/uploads\/2012\/05\/Treffen-mit-dem-tunesischen-Staatssekret\u00e4\u00fcr-f\u00fcr-Europapolitik.jpg\"><img loading=\"lazy\" decoding=\"async\" class=\"alignnone size-medium wp-image-292\" title=\"Treffen mit dem tunesischen Staatssekret\u00e4\u00fcr f\u00fcr Europapolitik\" src=\"https:\/\/muttonen.headroom.at\/wp-content\/uploads\/2012\/05\/Treffen-mit-dem-tunesischen-Staatssekret\u00e4\u00fcr-f\u00fcr-Europapolitik-300x199.jpg\" alt=\"\" width=\"300\" height=\"199\" srcset=\"https:\/\/christine-muttonen.at\/wp-content\/uploads\/2012\/05\/Treffen-mit-dem-tunesischen-Staatssekret\u00e4\u00fcr-f\u00fcr-Europapolitik-300x199.jpg 300w, https:\/\/christine-muttonen.at\/wp-content\/uploads\/2012\/05\/Treffen-mit-dem-tunesischen-Staatssekret\u00e4\u00fcr-f\u00fcr-Europapolitik-1024x682.jpg 1024w, https:\/\/christine-muttonen.at\/wp-content\/uploads\/2012\/05\/Treffen-mit-dem-tunesischen-Staatssekret\u00e4\u00fcr-f\u00fcr-Europapolitik.jpg 1280w\" sizes=\"auto, (max-width: 300px) 100vw, 300px\" \/><\/a>Am vergangenen Donnerstag durfte ich mit Dr. Touhami Abdouli den sozialdemokratischen Staatsekret\u00e4r f\u00fcr Europapolitik der ersten demokratisch gew\u00e4hlten Regierung Tunesiens zu einer kurzen Aussprache begr\u00fc\u00dfen. Dr. Abdouli machte dabei deutlich, dass sich sein Land aufgrund seiner wirtschaftlichen Verflechtungen, seiner geographischen Lage und seiner politischen Kultur vor allem nach Europa und weniger in den arabischen Raum orientieren will. Die EU sei eine gro\u00dfe Hilfe beim politischen und wirtschaftlichen Aufbau eines sozialen und demokratischen Tunesien.<!--more--><\/p>\n<p>&nbsp;<\/p>\n<p>Was die Zukunft seines Landes angeht, zeigte sich Dr. Abdouli sehr optimistisch. Zwar g\u00e4be es in Tunesien zurzeit ein Problem mit fundamentalistischen Salafisten und Menschenrechtsverletzungen durch die Sicherheitskr\u00e4fte. Die Salafisten seien jedoch kulturell nicht in der tunesischen Bev\u00f6lkerung verankert und die Vergehen der Sicherheitskr\u00e4fte nicht auf antidemokratische Bestrebungen zur\u00fcckzuf\u00fchren, sondern auf mangelnde Erfahrung im demokratisch-rechtstaatlichen Umgang mit Demonstranten und Protestlern.<\/p>\n<p>&nbsp;<\/p>\n<p>Mit Blick auf die Situation der Frauen in Tunesien zeigte sich Dr. Abdouli ebenfalls optimistisch. Tunesien habe die weitreichendsten Frauenrechte in der arabischen Welt. Die tunesischen Frauen seinen sehr selbstbewusst und sehr gut organisiert. Er k\u00f6nne sich daher nicht vorstellen, dass eine Politik, die die Rechte der Frauen einschr\u00e4nken und zur\u00fcckfahren wollte, langfristig in Tunesien erfolgreich seien w\u00fcrde.<\/p>\n<p>&nbsp;<\/p>\n","protected":false},"excerpt":{"rendered":"<p>Am vergangenen Donnerstag durfte ich mit Dr. Touhami Abdouli den sozialdemokratischen Staatsekret\u00e4r f\u00fcr Europapolitik der ersten demokratisch gew\u00e4hlten Regierung Tunesiens zu einer kurzen Aussprache begr\u00fc\u00dfen. Dr. Abdouli machte dabei deutlich, dass sich sein Land aufgrund seiner wirtschaftlichen Verflechtungen, seiner geographischen Lage und seiner politischen Kultur vor allem nach Europa und weniger in den arabischen Raum [&hellip;]<\/p>\n","protected":false},"author":2,"featured_media":0,"comment_status":"closed","ping_status":"closed","sticky":false,"template":"","format":"standard","meta":{"ngg_post_thumbnail":0,"footnotes":""},"categories":[23],"tags":[34,184,186,43],"class_list":["post-291","post","type-post","status-publish","format-standard","hentry","category-ausenpolitik","tag-christine-muttonen","tag-europa","tag-spo","tag-tunesien"],"_links":{"self":[{"href":"https:\/\/christine-muttonen.at\/index.php?rest_route=\/wp\/v2\/posts\/291","targetHints":{"allow":["GET"]}}],"collection":[{"href":"https:\/\/christine-muttonen.at\/index.php?rest_route=\/wp\/v2\/posts"}],"about":[{"href":"https:\/\/christine-muttonen.at\/index.php?rest_route=\/wp\/v2\/types\/post"}],"author":[{"embeddable":true,"href":"https:\/\/christine-muttonen.at\/index.php?rest_route=\/wp\/v2\/users\/2"}],"replies":[{"embeddable":true,"href":"https:\/\/christine-muttonen.at\/index.php?rest_route=%2Fwp%2Fv2%2Fcomments&post=291"}],"version-history":[{"count":6,"href":"https:\/\/christine-muttonen.at\/index.php?rest_route=\/wp\/v2\/posts\/291\/revisions"}],"predecessor-version":[{"id":298,"href":"https:\/\/christine-muttonen.at\/index.php?rest_route=\/wp\/v2\/posts\/291\/revisions\/298"}],"wp:attachment":[{"href":"https:\/\/christine-muttonen.at\/index.php?rest_route=%2Fwp%2Fv2%2Fmedia&parent=291"}],"wp:term":[{"taxonomy":"category","embeddable":true,"href":"https:\/\/christine-muttonen.at\/index.php?rest_route=%2Fwp%2Fv2%2Fcategories&post=291"},{"taxonomy":"post_tag","embeddable":true,"href":"https:\/\/christine-muttonen.at\/index.php?rest_route=%2Fwp%2Fv2%2Ftags&post=291"}],"curies":[{"name":"wp","href":"https:\/\/api.w.org\/{rel}","templated":true}]}}