{"id":2407,"date":"2015-01-22T09:50:32","date_gmt":"2015-01-22T09:50:32","guid":{"rendered":"https:\/\/christine-muttonen.at\/?p=2407"},"modified":"2015-01-23T09:50:57","modified_gmt":"2015-01-23T09:50:57","slug":"treffen-mit-kurdischen-politikern","status":"publish","type":"post","link":"https:\/\/christine-muttonen.at\/?p=2407","title":{"rendered":"Treffen mit kurdischen Politikern"},"content":{"rendered":"<p><a href=\"https:\/\/christine-muttonen.at\/wp-content\/uploads\/2015\/01\/150121_Treffen_Kurden.jpg\"><img loading=\"lazy\" decoding=\"async\" class=\"alignleft size-thumbnail wp-image-2408\" title=\"150121_Treffen_Kurden\" src=\"https:\/\/christine-muttonen.at\/wp-content\/uploads\/2015\/01\/150121_Treffen_Kurden-150x150.jpg\" alt=\"\" width=\"150\" height=\"150\" \/><\/a>Am Mittwoch hatten Klubobmann Andreas Schieder, Klubobmannstellvertreter Josef Cap und ich ein Treffen mit Abgeordneten der im t\u00fcrkischen Parlament vertretenen kurdischen Partei HDP (Demokratische Gesellschaftspartei), darunter auch Selahattin Demirta\u015f, Klub-Chef der HDP, sowie Vertretern der kurdischen Gemeinde in \u00d6sterreich (FEYKOM).<\/p>\n<p><!--more--><\/p>\n<p>&nbsp;<\/p>\n<p>In unserem Gespr\u00e4ch ging es nat\u00fcrlich um die Lage in Syrien und im Nordirak, wo die Kurden, obgleich selbst unter st\u00e4ndigem Angriff der ISIS-Terroristen vielen hunderttausend Fl\u00fcchtlingen Schutz und Hilfe gew\u00e4hren. Auch in den Kurdengebieten im S\u00fcdosten der T\u00fcrkei sind viele Fl\u00fcchtlinge untergekommen und m\u00fcssen nun versorgt werden, was die \u00f6rtlichen Gemeinden und Kommunen unter gro\u00dfe Belastung stellt. Weitere Themen waren die anstehenden Parlamentswahlen in der T\u00fcrkei und der Friedensprozess zwischen der t\u00fcrkischen Regierung und der kurdischen PKK.<\/p>\n","protected":false},"excerpt":{"rendered":"<p>Am Mittwoch hatten Klubobmann Andreas Schieder, Klubobmannstellvertreter Josef Cap und ich ein Treffen mit Abgeordneten der im t\u00fcrkischen Parlament vertretenen kurdischen Partei HDP (Demokratische Gesellschaftspartei), darunter auch Selahattin Demirta\u015f, Klub-Chef der HDP, sowie Vertretern der kurdischen Gemeinde in \u00d6sterreich (FEYKOM).<\/p>\n","protected":false},"author":2,"featured_media":0,"comment_status":"closed","ping_status":"closed","sticky":false,"template":"","format":"standard","meta":{"ngg_post_thumbnail":0,"footnotes":""},"categories":[23],"tags":[],"class_list":["post-2407","post","type-post","status-publish","format-standard","hentry","category-ausenpolitik"],"_links":{"self":[{"href":"https:\/\/christine-muttonen.at\/index.php?rest_route=\/wp\/v2\/posts\/2407","targetHints":{"allow":["GET"]}}],"collection":[{"href":"https:\/\/christine-muttonen.at\/index.php?rest_route=\/wp\/v2\/posts"}],"about":[{"href":"https:\/\/christine-muttonen.at\/index.php?rest_route=\/wp\/v2\/types\/post"}],"author":[{"embeddable":true,"href":"https:\/\/christine-muttonen.at\/index.php?rest_route=\/wp\/v2\/users\/2"}],"replies":[{"embeddable":true,"href":"https:\/\/christine-muttonen.at\/index.php?rest_route=%2Fwp%2Fv2%2Fcomments&post=2407"}],"version-history":[{"count":4,"href":"https:\/\/christine-muttonen.at\/index.php?rest_route=\/wp\/v2\/posts\/2407\/revisions"}],"predecessor-version":[{"id":2412,"href":"https:\/\/christine-muttonen.at\/index.php?rest_route=\/wp\/v2\/posts\/2407\/revisions\/2412"}],"wp:attachment":[{"href":"https:\/\/christine-muttonen.at\/index.php?rest_route=%2Fwp%2Fv2%2Fmedia&parent=2407"}],"wp:term":[{"taxonomy":"category","embeddable":true,"href":"https:\/\/christine-muttonen.at\/index.php?rest_route=%2Fwp%2Fv2%2Fcategories&post=2407"},{"taxonomy":"post_tag","embeddable":true,"href":"https:\/\/christine-muttonen.at\/index.php?rest_route=%2Fwp%2Fv2%2Ftags&post=2407"}],"curies":[{"name":"wp","href":"https:\/\/api.w.org\/{rel}","templated":true}]}}