{"id":1882,"date":"2014-03-27T15:55:44","date_gmt":"2014-03-27T15:55:44","guid":{"rendered":"https:\/\/christine-muttonen.at\/?p=1882"},"modified":"2014-04-10T07:24:46","modified_gmt":"2014-04-10T07:24:46","slug":"fairtrade-im-parlament","status":"publish","type":"post","link":"https:\/\/christine-muttonen.at\/?p=1882","title":{"rendered":"Fairtrade im Parlament"},"content":{"rendered":"<p><a href=\"https:\/\/christine-muttonen.at\/wp-content\/uploads\/2014\/04\/Fairtrade-2014.jpg\"><img loading=\"lazy\" decoding=\"async\" class=\"alignleft size-thumbnail wp-image-1883\" title=\"Fairtrade 2014\" src=\"https:\/\/christine-muttonen.at\/wp-content\/uploads\/2014\/04\/Fairtrade-2014-150x150.jpg\" alt=\"\" width=\"150\" height=\"150\" \/><\/a>Es ist zu einer sch\u00f6nen Tradition geworden, dass die entwicklungs-politische Parlamentarierorganisation AWEPA gemeinsam mit FAIRTRADE \u00d6sterreich einmal im Jahr in der S\u00e4ulenhalle des Nationalrats eine Ausstellung \u00fcber fairen und nachhaltigen Handel organisiert.<\/p>\n<p>&nbsp;<\/p>\n<p>Auch in diesem Jahr konnten sich die Abgeordneten und Besucher im pers\u00f6nlichen Gespr\u00e4ch mit den Veranstaltern \u00fcber die Qualit\u00e4t von fair gehandelten Produkten sowie \u00fcber die Lebens- und Arbeitsbedingungen der ProduzentInnen aus den L\u00e4ndern des S\u00fcdens informieren.<\/p>\n<p><!--more--><\/p>\n<p>Im Mittelpunkt der Ausstellung standen dieses Mal die Themen Lohnsklaverei und Textilproduktion, die beide eng miteinander zusammenh\u00e4ngen. AWEPA und FAIRTRADE ist es dabei gelungen, auf die zahlreichen Initiativen und M\u00f6glichkeiten aufmerksam zu machen, wie Kleidung und Textilien vom Rohstoff bis zur Verarbeitung \u00f6kologisch und sozial fair hergestellt werden k\u00f6nnen.<\/p>\n<p>&nbsp;<\/p>\n<p>Auf dem Foto bin ich mit Karin Thaler, der Leiterin des Weltladens Wien. Karin und ich haben bereits in Villach in Fragen der Entwicklungspolitik zusammengearbeitet und ich habe mich sehr gefreut, sie hier wiederzutreffen.<\/p>\n","protected":false},"excerpt":{"rendered":"<p>Es ist zu einer sch\u00f6nen Tradition geworden, dass die entwicklungs-politische Parlamentarierorganisation AWEPA gemeinsam mit FAIRTRADE \u00d6sterreich einmal im Jahr in der S\u00e4ulenhalle des Nationalrats eine Ausstellung \u00fcber fairen und nachhaltigen Handel organisiert. &nbsp; Auch in diesem Jahr konnten sich die Abgeordneten und Besucher im pers\u00f6nlichen Gespr\u00e4ch mit den Veranstaltern \u00fcber die Qualit\u00e4t von fair gehandelten [&hellip;]<\/p>\n","protected":false},"author":2,"featured_media":0,"comment_status":"closed","ping_status":"closed","sticky":false,"template":"","format":"standard","meta":{"ngg_post_thumbnail":0,"footnotes":""},"categories":[1,20],"tags":[],"class_list":["post-1882","post","type-post","status-publish","format-standard","hentry","category-allgemein","category-daruber-hinaus"],"_links":{"self":[{"href":"https:\/\/christine-muttonen.at\/index.php?rest_route=\/wp\/v2\/posts\/1882","targetHints":{"allow":["GET"]}}],"collection":[{"href":"https:\/\/christine-muttonen.at\/index.php?rest_route=\/wp\/v2\/posts"}],"about":[{"href":"https:\/\/christine-muttonen.at\/index.php?rest_route=\/wp\/v2\/types\/post"}],"author":[{"embeddable":true,"href":"https:\/\/christine-muttonen.at\/index.php?rest_route=\/wp\/v2\/users\/2"}],"replies":[{"embeddable":true,"href":"https:\/\/christine-muttonen.at\/index.php?rest_route=%2Fwp%2Fv2%2Fcomments&post=1882"}],"version-history":[{"count":7,"href":"https:\/\/christine-muttonen.at\/index.php?rest_route=\/wp\/v2\/posts\/1882\/revisions"}],"predecessor-version":[{"id":1905,"href":"https:\/\/christine-muttonen.at\/index.php?rest_route=\/wp\/v2\/posts\/1882\/revisions\/1905"}],"wp:attachment":[{"href":"https:\/\/christine-muttonen.at\/index.php?rest_route=%2Fwp%2Fv2%2Fmedia&parent=1882"}],"wp:term":[{"taxonomy":"category","embeddable":true,"href":"https:\/\/christine-muttonen.at\/index.php?rest_route=%2Fwp%2Fv2%2Fcategories&post=1882"},{"taxonomy":"post_tag","embeddable":true,"href":"https:\/\/christine-muttonen.at\/index.php?rest_route=%2Fwp%2Fv2%2Ftags&post=1882"}],"curies":[{"name":"wp","href":"https:\/\/api.w.org\/{rel}","templated":true}]}}