{"id":1452,"date":"2013-09-05T17:23:48","date_gmt":"2013-09-05T17:23:48","guid":{"rendered":"https:\/\/christine-muttonen.at\/?p=1452"},"modified":"2013-09-05T17:23:48","modified_gmt":"2013-09-05T17:23:48","slug":"muttonen-lopatka-nicht-in-ovp-ausenpolitik-eingebunden","status":"publish","type":"post","link":"https:\/\/christine-muttonen.at\/?p=1452","title":{"rendered":"Muttonen: Lopatka nicht in \u00d6VP-Au\u00dfenpolitik eingebunden?"},"content":{"rendered":"<p><strong>Au\u00dfenpolitische Sprecherin der SP\u00d6 erteilt Lopatka Nachhilfe in Sachen \u00d6VP-Parteilinie und kritisiert \u00d6VP-Zick-Zack-Kurs in au\u00dfenpolitischen Fragen<\/strong><\/p>\n<p>Wien (OTS\/SK) &#8211;\u00a0&#8222;Der R\u00fcckzug der \u00f6sterreichischen Soldaten vom Golan\u00a0erfolgte geplant, koordiniert und verantwortungsvoll. Die\u00a0Regierungsparteien haben den Abzug gemeinsam beschlossen und\u00a0pr\u00e4sentiert. Offenbar hat die \u00d6VP jedoch Staatssekret\u00e4r Lopatka nicht\u00a0davon in Kenntnis gesetzt.&#8220; Das sagte die au\u00dfenpolitische Sprecherin\u00a0der SP\u00d6,\u00a0Christine Muttonen, am Donnerstag gegen\u00fcber dem\u00a0SP\u00d6-Pressedienst. Inzwischen seien alle \u00d6sterreicher vom Golan\u00a0zur\u00fcckgekehrt. Die Entscheidung habe sich nochmals auch aufgrund der\u00a0aktuellen Entwicklungen in Syrien als richtig best\u00e4tigt. &#8222;Offenbar\u00a0wei\u00df in der \u00d6VP die rechte Hand nicht, was die linke tut. Ich bedaure\u00a0das und hoffe, dass die \u00d6VP bald wieder auf einen\u00a0verantwortungsvollen Kurs einschwenkt und ihre inneren\u00a0Meinungsverschiedenheiten beilegt&#8220;, so Muttonen. ****<\/p>\n<p><!--more--><\/p>\n<p>&nbsp;<\/p>\n<p>Als Serviceleistung hat der SP\u00d6-Pressedienst ausgew\u00e4hlte Meldungen\u00a0von\u00a0Michael Spindelegger\u00a0f\u00fcr Staatssekret\u00e4r Lopatka zusammengestellt:<\/p>\n<p>&nbsp;<\/p>\n<p>Erkl\u00e4rung von Bundeskanzler und Vizekanzler: OTS 213, 6.6.2013<br \/>\n&#8222;Die Entwicklung der heutigen Morgenstunden hat gezeigt, dass ein\u00a0weiteres Zuwarten nicht mehr vertretbar ist. Eine gesicherte Bewegung\u00a0und Versorgung unserer Soldaten am Golan kann nicht mehr\u00a0gew\u00e4hrleistet werden&#8220;, erkl\u00e4rten Bundeskanzler\u00a0Werner Faymann\u00a0sowie\u00a0Vizekanzler und Au\u00dfenminister\u00a0Michael Spindelegger.<\/p>\n<p>Vizekanzler Spindelegger hat bereits mit dem UN-Generalsekret\u00e4r Ban\u00a0Ki-moon gesprochen und ihn pers\u00f6nlich \u00fcber die Entscheidung der\u00a0Bundesregierung informiert.\u00a0&#8222;Die Sicherheit unserer Soldatinnen und Soldaten steht an oberster\u00a0Stelle, daher ist dieser Schritt notwendig&#8220;, sagten Bundeskanzler\u00a0Faymann und Vizekanzler Spindelegger.<\/p>\n<p>&nbsp;<\/p>\n<p>APA 598, 6.6.2013<br \/>\nDie \u00f6sterreichischen UNO-Soldaten sollen &#8222;so rasch wie m\u00f6glich&#8220; vom\u00a0Golan heimgeholt werden. Das erkl\u00e4rte Vizekanzler\u00a0Michael\u00a0Spindelegger\u00a0(V) auf einer gemeinsamen Pressekonferenz mit\u00a0Bundeskanzler Faymann (S) und Verteidigungsminister\u00a0Gerald Klug\u00a0(S)\u00a0am Donnerstagabend.<\/p>\n<p>&nbsp;<\/p>\n<p>APA 118, 8.6.2013<br \/>\nAuch Kritik, der Abzug komme \u00fcberraschend und \u00fcberst\u00fcrzt, will\u00a0Spindelegger nicht gelten lassen. Er habe sowohl in Israel als auch\u00a0bei der UNO &#8222;und auch allen meinen Kollegen in der Europ\u00e4ischen\u00a0Union&#8220; angek\u00fcndigt, es werde &#8222;sehr schwer f\u00fcr uns, am Golan zu\u00a0bleiben&#8220;, wenn das Waffenembargo der EU gegen Syrien falle, was\u00a0mittlerweile passiert ist. &#8222;Also wer jetzt \u00fcberrascht tut und sagt\u00a0\u00d6sterreich geht jetzt einfach&#8216;, der kann das nicht ganz ernst\u00a0meinen.&#8220;<\/p>\n<p>&nbsp;<\/p>\n<p>APA 209, 11.06.2013<br \/>\nSpindelegger: der R\u00fcckzug soll &#8222;so rasch wie m\u00f6glich&#8220; erfolgen.<\/p>\n<p>&nbsp;<\/p>\n<p>APA 37, 11.06.2013<br \/>\nSpindelegger: &#8222;F\u00fcr uns bleibt&#8217;s dabei. Wir haben das beschlossen in\u00a0der Bundesregierung und ziehen das einfach durch.&#8220;<\/p>\n<p>&nbsp;<\/p>\n<p>OTS 206, 18.06.2013<br \/>\nSpindelegger nach dem Ministerrat: &#8222;Was den Abzug der\u00a0\u00f6sterreichischen Soldaten am Golan angeht, stehe ich weiterhin hinter\u00a0dieser Entscheidung. Das muss einerseits so schnell wie m\u00f6glich, aber\u00a0rechtlich geordnet und seri\u00f6s \u00fcber die B\u00fchne gehen.&#8220;<\/p>\n<p>&nbsp;<\/p>\n<p>APA 161, 23.06.2013<br \/>\nAu\u00dfenminister\u00a0<a title=\"\" name=\"michael-spindelegger\" href=\"http:\/\/www.ots.at\/p\/michael-spindelegger\"><\/a>Michael Spindelegger\u00a0hat erneut die Entscheidung zum\u00a0Abzug vom Golan verteidigt. Die internationalen Partner h\u00e4tten\u00a0gewusst, dass nach dem Ablaufen des EU-Waffenembargos gegen Syrien\u00a0\u00d6sterreich nicht Teil der Blauhelm-Mission UNDOF bleiben werde, sagte\u00a0der \u00d6VP-Chef am Sonntag in der ORF-&#8222;Pressestunde&#8220;.\u00a0&#8222;Das wussten alle meine Kollegen in Br\u00fcssel, der UN-Generalsekret\u00e4r\u00a0und die Au\u00dfenminister der USA und Russlands&#8220;, so Spindelegger. Auch\u00a0sei UN-Chef Ban Ki-moon Stunden vor der \u00f6ffentlichen Verk\u00fcndung des\u00a0Abzugs telefonisch in Kenntnis gesetzt worden.<\/p>\n<p>&nbsp;<\/p>\n<p>APA 366, 25.06.2013<br \/>\nDen Abzug an sich verteidigte der Vizekanzler: &#8222;Wir haben immer\u00a0angek\u00fcndigt, dass es f\u00fcr uns schwierig wird, das Mandat aufrecht zu\u00a0halten, wenn das Waffenembargo f\u00e4llt.&#8220; Nun sei das Embargo seitens\u00a0der EU gefallen, und auch die USA h\u00e4tten angek\u00fcndigt, den gegen den\u00a0syrischen Pr\u00e4sidenten Bashar al-Assad k\u00e4mpfenden Rebellen Waffen zu\u00a0liefern. &#8222;Daher ist es jetzt der folgerichtige Schritt zu sagen, dann\u00a0gehen wir, weil wir nicht mehr als Neutrale zwischen den\u00a0Konfliktparteien stehen k\u00f6nnen, und die Konflikte spielen sich ja in\u00a0der Zone ab. Daher war es eine richtige Entscheidung.&#8220; (Schluss) bj\/sas\/mp<\/p>\n","protected":false},"excerpt":{"rendered":"<p>Au\u00dfenpolitische Sprecherin der SP\u00d6 erteilt Lopatka Nachhilfe in Sachen \u00d6VP-Parteilinie und kritisiert \u00d6VP-Zick-Zack-Kurs in au\u00dfenpolitischen Fragen Wien (OTS\/SK) &#8211;\u00a0&#8222;Der R\u00fcckzug der \u00f6sterreichischen Soldaten vom Golan\u00a0erfolgte geplant, koordiniert und verantwortungsvoll. Die\u00a0Regierungsparteien haben den Abzug gemeinsam beschlossen und\u00a0pr\u00e4sentiert. Offenbar hat die \u00d6VP jedoch Staatssekret\u00e4r Lopatka nicht\u00a0davon in Kenntnis gesetzt.&#8220; Das sagte die au\u00dfenpolitische Sprecherin\u00a0der SP\u00d6,\u00a0Christine Muttonen, am [&hellip;]<\/p>\n","protected":false},"author":2,"featured_media":0,"comment_status":"closed","ping_status":"closed","sticky":false,"template":"","format":"standard","meta":{"ngg_post_thumbnail":0,"footnotes":""},"categories":[23,16],"tags":[],"class_list":["post-1452","post","type-post","status-publish","format-standard","hentry","category-ausenpolitik","category-presse"],"_links":{"self":[{"href":"https:\/\/christine-muttonen.at\/index.php?rest_route=\/wp\/v2\/posts\/1452","targetHints":{"allow":["GET"]}}],"collection":[{"href":"https:\/\/christine-muttonen.at\/index.php?rest_route=\/wp\/v2\/posts"}],"about":[{"href":"https:\/\/christine-muttonen.at\/index.php?rest_route=\/wp\/v2\/types\/post"}],"author":[{"embeddable":true,"href":"https:\/\/christine-muttonen.at\/index.php?rest_route=\/wp\/v2\/users\/2"}],"replies":[{"embeddable":true,"href":"https:\/\/christine-muttonen.at\/index.php?rest_route=%2Fwp%2Fv2%2Fcomments&post=1452"}],"version-history":[{"count":6,"href":"https:\/\/christine-muttonen.at\/index.php?rest_route=\/wp\/v2\/posts\/1452\/revisions"}],"predecessor-version":[{"id":1460,"href":"https:\/\/christine-muttonen.at\/index.php?rest_route=\/wp\/v2\/posts\/1452\/revisions\/1460"}],"wp:attachment":[{"href":"https:\/\/christine-muttonen.at\/index.php?rest_route=%2Fwp%2Fv2%2Fmedia&parent=1452"}],"wp:term":[{"taxonomy":"category","embeddable":true,"href":"https:\/\/christine-muttonen.at\/index.php?rest_route=%2Fwp%2Fv2%2Fcategories&post=1452"},{"taxonomy":"post_tag","embeddable":true,"href":"https:\/\/christine-muttonen.at\/index.php?rest_route=%2Fwp%2Fv2%2Ftags&post=1452"}],"curies":[{"name":"wp","href":"https:\/\/api.w.org\/{rel}","templated":true}]}}