{"id":1414,"date":"2013-08-13T08:29:21","date_gmt":"2013-08-13T08:29:21","guid":{"rendered":"https:\/\/christine-muttonen.at\/?p=1414"},"modified":"2013-08-20T08:37:25","modified_gmt":"2013-08-20T08:37:25","slug":"treffen-mit-euregio-prasident-luca-zaia","status":"publish","type":"post","link":"https:\/\/christine-muttonen.at\/?p=1414","title":{"rendered":"Treffen mit Euregio-Pr\u00e4sident Luca Zaia"},"content":{"rendered":"<p><a href=\"https:\/\/christine-muttonen.at\/wp-content\/uploads\/2013\/08\/2013-Veneto038.jpg\"><img loading=\"lazy\" decoding=\"async\" class=\"alignnone size-medium wp-image-1415\" title=\"Sportlerehrung\" src=\"https:\/\/christine-muttonen.at\/wp-content\/uploads\/2013\/08\/2013-Veneto038-300x199.jpg\" alt=\"\" width=\"300\" height=\"199\" srcset=\"https:\/\/christine-muttonen.at\/wp-content\/uploads\/2013\/08\/2013-Veneto038-300x199.jpg 300w, https:\/\/christine-muttonen.at\/wp-content\/uploads\/2013\/08\/2013-Veneto038-1024x681.jpg 1024w\" sizes=\"auto, (max-width: 300px) 100vw, 300px\" \/><\/a>Am 12. August habe ich Landeshauptmann Peter Kaiser zum ersten offiziellen Arbeitsgespr\u00e4ch mit seinem Amtskollegen Luca Zaia, dem Pr\u00e4sidenten des Veneto, begleitet. Zaia ist derzeit zudem amtsf\u00fchrender\u00a0 Pr\u00e4sidenten der Euregio &#8222;Senza Confini &#8211; ohne Grenzen&#8220;.<\/p>\n<p><!--more--><\/p>\n<p>&nbsp;<\/p>\n<p>Daher wurden auch vor allem die weitere Entwicklung und Erweiterung der Euregio besprochen. So sollen zu den jetzigen Partnern K\u00e4rnten, Friaul-Julisch Venetien und Veneto noch Slowenien und Regionen Kroatiens hinzukommen. Au\u00dferdem war man sich einig, dass die erste Versammlung der Euregio m\u00f6glichst rasch einberufen werden soll und ihre Arbeit aufnimmt. Ein weiteres wichtiges Thema war selbstverst\u00e4ndlich die grenz\u00fcbergreifende Verkehrsinfrastruktur. Insbesondere von der baltisch-adriatische Achse mit den Herzst\u00fccken Koralmbahn und Semmeringtunnel erhoffen sich Zaia und Kaiser positive Wirtschaftsimpulse und neue Arbeitspl\u00e4tze f\u00fcr die Region.<\/p>\n<p>&nbsp;<\/p>\n<p>Auch bei Bildung, Gesundheit und Sozialwesen sollen grenz\u00fcberschreitende Kooperationen gest\u00e4rkt und gemeinsam neue EU-Mittel lukriert werden. F\u00fcr den Bildungsbereich hob Peter Kaiser beispielsweise das bereits bestehende trilateralen Bildungsnetzwerk \u201edrei-tre-tri&#8220; der Regionen K\u00e4rnten, Friaul-Julisch Venetien und Slowenien hervor, das weiter ausgebaut werden k\u00f6nne.<\/p>\n","protected":false},"excerpt":{"rendered":"<p>Am 12. August habe ich Landeshauptmann Peter Kaiser zum ersten offiziellen Arbeitsgespr\u00e4ch mit seinem Amtskollegen Luca Zaia, dem Pr\u00e4sidenten des Veneto, begleitet. Zaia ist derzeit zudem amtsf\u00fchrender\u00a0 Pr\u00e4sidenten der Euregio &#8222;Senza Confini &#8211; ohne Grenzen&#8220;.<\/p>\n","protected":false},"author":2,"featured_media":0,"comment_status":"closed","ping_status":"closed","sticky":false,"template":"","format":"standard","meta":{"ngg_post_thumbnail":0,"footnotes":""},"categories":[19],"tags":[],"class_list":["post-1414","post","type-post","status-publish","format-standard","hentry","category-karnten"],"_links":{"self":[{"href":"https:\/\/christine-muttonen.at\/index.php?rest_route=\/wp\/v2\/posts\/1414","targetHints":{"allow":["GET"]}}],"collection":[{"href":"https:\/\/christine-muttonen.at\/index.php?rest_route=\/wp\/v2\/posts"}],"about":[{"href":"https:\/\/christine-muttonen.at\/index.php?rest_route=\/wp\/v2\/types\/post"}],"author":[{"embeddable":true,"href":"https:\/\/christine-muttonen.at\/index.php?rest_route=\/wp\/v2\/users\/2"}],"replies":[{"embeddable":true,"href":"https:\/\/christine-muttonen.at\/index.php?rest_route=%2Fwp%2Fv2%2Fcomments&post=1414"}],"version-history":[{"count":4,"href":"https:\/\/christine-muttonen.at\/index.php?rest_route=\/wp\/v2\/posts\/1414\/revisions"}],"predecessor-version":[{"id":1419,"href":"https:\/\/christine-muttonen.at\/index.php?rest_route=\/wp\/v2\/posts\/1414\/revisions\/1419"}],"wp:attachment":[{"href":"https:\/\/christine-muttonen.at\/index.php?rest_route=%2Fwp%2Fv2%2Fmedia&parent=1414"}],"wp:term":[{"taxonomy":"category","embeddable":true,"href":"https:\/\/christine-muttonen.at\/index.php?rest_route=%2Fwp%2Fv2%2Fcategories&post=1414"},{"taxonomy":"post_tag","embeddable":true,"href":"https:\/\/christine-muttonen.at\/index.php?rest_route=%2Fwp%2Fv2%2Ftags&post=1414"}],"curies":[{"name":"wp","href":"https:\/\/api.w.org\/{rel}","templated":true}]}}