{"id":1315,"date":"2013-08-04T14:56:52","date_gmt":"2013-08-04T14:56:52","guid":{"rendered":"https:\/\/christine-muttonen.at\/?p=1315"},"modified":"2013-08-08T14:57:37","modified_gmt":"2013-08-08T14:57:37","slug":"bundesparteirat-osterreich-zu-schon-fur-schwarz-blau","status":"publish","type":"post","link":"https:\/\/christine-muttonen.at\/?p=1315","title":{"rendered":"Bundesparteirat: \u00d6sterreich zu sch\u00f6n f\u00fcr Schwarz-Blau"},"content":{"rendered":"<p><a href=\"https:\/\/christine-muttonen.at\/wp-content\/uploads\/2013\/08\/BPR-2013-mit-GHH.jpg\"><img loading=\"lazy\" decoding=\"async\" class=\"alignnone size-medium wp-image-1349\" title=\"BPR 2013 mit GHH\" src=\"https:\/\/christine-muttonen.at\/wp-content\/uploads\/2013\/08\/BPR-2013-mit-GHH-225x300.jpg\" alt=\"\" width=\"225\" height=\"300\" srcset=\"https:\/\/christine-muttonen.at\/wp-content\/uploads\/2013\/08\/BPR-2013-mit-GHH-225x300.jpg 225w, https:\/\/christine-muttonen.at\/wp-content\/uploads\/2013\/08\/BPR-2013-mit-GHH-768x1024.jpg 768w\" sizes=\"auto, (max-width: 225px) 100vw, 225px\" \/><\/a>Am Samstag, dem 3. August 2013, hat der Bundesparteirat der SP\u00d6 das sozialdemokratische <a href=\"http:\/\/spoe.at\/sites\/default\/files\/spoe_wahlprogramm13.pdf\">Wahlprogramm<\/a> und die <a href=\"http:\/\/spoe.at\/sites\/default\/files\/druckvorlage_neu-bundesliste_final.pdf\">KandidatInnenliste <\/a>f\u00fcr die Nationalratswahlen am 29. September beschlossen.<\/p>\n<p><!--more--><\/p>\n<p>&nbsp;<\/p>\n<p>In seiner Rede betonte Bundeskanzler und SP\u00d6-Vorsitzender Werner Faymann, dass \u00d6sterreich viel zu sch\u00f6n sei, &#8222;um es Schwarz-Blau&#8220; zu \u00fcberlassen. Die von der SP\u00d6 gef\u00fchrte Bundesregierung habe \u00d6sterreich bislang sicher durch die Finanz- und Wirtschaftskrise gef\u00fchrt. \u00d6sterreichs \u00a0Ausbildungsgarantie f\u00fcr Jugendliche und sein duales Ausbildungssystem h\u00e4tten mittlerweile Vorbildcharakter in ganz Europa. Auch in Zukunft werde das Herzst\u00fcck sozialdemokratischer Arbeit\u00a0der Kampf um jeden Arbeitsplatz und f\u00fcr ein gerechtes und soziales \u00d6sterreich sein, so der Kanzler.<\/p>\n<p>&nbsp;<\/p>\n<p>Die Kernthemen des SP\u00d6-Wahlprogramm, das der Bundesparteirat am Samstag beschloss, sind daher auch Arbeit, Bildung und Gerechtigkeit, sowie \u00a0&#8222;Leistbares Wohnen&#8220; und &#8222;Sichere Pensionen&#8220;.\u00a0Insgesamt pr\u00e4sentiert die SP\u00d6 111 Vorschl\u00e4ge f\u00fcr \u00d6sterreich in ihrem Wahlprogramm. Darunter viele Ideen, die B\u00fcrgerinnen und B\u00fcrger der SP\u00d6 in direkten Gespr\u00e4chen mit auf den Weg gegeben haben.<\/p>\n<p>&nbsp;<\/p>\n<p><a href=\"https:\/\/christine-muttonen.at\/wp-content\/uploads\/2013\/08\/BPR-20132.jpg\"><img loading=\"lazy\" decoding=\"async\" class=\"alignnone size-medium wp-image-1352\" title=\"BPR 2013\" src=\"https:\/\/christine-muttonen.at\/wp-content\/uploads\/2013\/08\/BPR-20132-300x225.jpg\" alt=\"\" width=\"300\" height=\"225\" srcset=\"https:\/\/christine-muttonen.at\/wp-content\/uploads\/2013\/08\/BPR-20132-300x225.jpg 300w, https:\/\/christine-muttonen.at\/wp-content\/uploads\/2013\/08\/BPR-20132-1024x768.jpg 1024w\" sizes=\"auto, (max-width: 300px) 100vw, 300px\" \/><\/a>Als Partei der Arbeitnehmerinnen und Arbeitnehmer tritt die SP\u00d6 f\u00fcr faire Einkommen und eine gerechte Steuerpolitik ein. Vor allem niedrige und mittlere Einkommen sollen entlastet werden, damit\u00a0wieder mehr Geld zum Leben bleibe. \u00a0Banken, Konzerne und Superreiche hingegen, sollen endlich auch ihren gerechten Anteil beitragen.<\/p>\n<p>&nbsp;<\/p>\n<p>Die K\u00e4rntner SP\u00d6 war mit LH Peter Kaiser an der Spitze sehr zahlreich auf dem Bundesparteitag vertreten.<\/p>\n","protected":false},"excerpt":{"rendered":"<p>Am Samstag, dem 3. August 2013, hat der Bundesparteirat der SP\u00d6 das sozialdemokratische Wahlprogramm und die KandidatInnenliste f\u00fcr die Nationalratswahlen am 29. September beschlossen.<\/p>\n","protected":false},"author":2,"featured_media":0,"comment_status":"closed","ping_status":"closed","sticky":false,"template":"","format":"standard","meta":{"ngg_post_thumbnail":0,"footnotes":""},"categories":[1],"tags":[],"class_list":["post-1315","post","type-post","status-publish","format-standard","hentry","category-allgemein"],"_links":{"self":[{"href":"https:\/\/christine-muttonen.at\/index.php?rest_route=\/wp\/v2\/posts\/1315","targetHints":{"allow":["GET"]}}],"collection":[{"href":"https:\/\/christine-muttonen.at\/index.php?rest_route=\/wp\/v2\/posts"}],"about":[{"href":"https:\/\/christine-muttonen.at\/index.php?rest_route=\/wp\/v2\/types\/post"}],"author":[{"embeddable":true,"href":"https:\/\/christine-muttonen.at\/index.php?rest_route=\/wp\/v2\/users\/2"}],"replies":[{"embeddable":true,"href":"https:\/\/christine-muttonen.at\/index.php?rest_route=%2Fwp%2Fv2%2Fcomments&post=1315"}],"version-history":[{"count":29,"href":"https:\/\/christine-muttonen.at\/index.php?rest_route=\/wp\/v2\/posts\/1315\/revisions"}],"predecessor-version":[{"id":1506,"href":"https:\/\/christine-muttonen.at\/index.php?rest_route=\/wp\/v2\/posts\/1315\/revisions\/1506"}],"wp:attachment":[{"href":"https:\/\/christine-muttonen.at\/index.php?rest_route=%2Fwp%2Fv2%2Fmedia&parent=1315"}],"wp:term":[{"taxonomy":"category","embeddable":true,"href":"https:\/\/christine-muttonen.at\/index.php?rest_route=%2Fwp%2Fv2%2Fcategories&post=1315"},{"taxonomy":"post_tag","embeddable":true,"href":"https:\/\/christine-muttonen.at\/index.php?rest_route=%2Fwp%2Fv2%2Ftags&post=1315"}],"curies":[{"name":"wp","href":"https:\/\/api.w.org\/{rel}","templated":true}]}}