{"id":1038,"date":"2013-03-12T12:06:18","date_gmt":"2013-03-12T12:06:18","guid":{"rendered":"https:\/\/christine-muttonen.at\/?p=1038"},"modified":"2013-03-12T12:06:18","modified_gmt":"2013-03-12T12:06:18","slug":"muttonen-verfassungsanderung-in-ungarn-ist-schleichende-abschaffung-der-gewaltenteilung","status":"publish","type":"post","link":"https:\/\/christine-muttonen.at\/?p=1038","title":{"rendered":"Muttonen: Verfassungs\u00e4nderung in Ungarn ist schleichende Abschaffung der Gewaltenteilung"},"content":{"rendered":"<p><strong>Orb\u00e1n als stellvertretender EVP-Vorsitzender nicht mehr tragbar<\/strong><\/p>\n<p>Wien (OTS\/SK) &#8211; &#8222;Die umstrittene \u00c4nderung der ungarischen Verfassung setzt die schrittweise Abkehr Ungarns von gemeinsamen europ\u00e4ischen Rechtsstandards fort und bedeutet eine schleichende Abschaffung der Gewaltenteilung&#8220;, kritisierte SP\u00d6-Europasprecherin Christine Muttonen die Verfassungs\u00e4nderung, die heute, Montag, im Parlament in Budapest verabschiedet wurde. Bereits im Vorfeld haben tausende Menschen gegen die geplante Einschr\u00e4nkung der demokratischen Grundrechte in Ungarn protestiert. &#8222;Jetzt muss die EU-Kommission als H\u00fcterin der Vertr\u00e4ge und somit der europ\u00e4ischen Grundrechtscharta entschieden Ma\u00dfnahmen ergreifen, um die Einhaltung rechtsstaatlicher Standards und der europ\u00e4ischen Grunds\u00e4tze Demokratie, Gewaltenteilung und Meinungsfreiheit in Ungarn zu sichern&#8220;, so Muttonen gegen\u00fcber dem SP\u00d6-Pressedienst.<\/p>\n<p><!--more--><br \/>\nDie vom ungarischen Premierminister Viktor Orb\u00e1n vorangetriebene Verfassungsnovelle schr\u00e4nkt unter anderem die Befugnisse des Verfassungsgerichts ein und erlaubt der rechtspopulistischen Fidesz-Regierung, st\u00e4rker in die Justiz und in die Universit\u00e4ten einzugreifen. &#8222;Mit der Verfassungs\u00e4nderung nutzt Orb\u00e1n seine Zweidrittelmehrheit im Parlament in einer Art aus, die die Funktion des Verfassungsgerichtes sabotiert. Das l\u00e4uft auf eine Missachtung der Gewaltenteilung hinaus, gegen die wir auf europ\u00e4ischer Ebene geschlossen auftreten m\u00fcssen&#8220;, forderte Muttonen und verwies auf drei laufende EU-Verfahren wegen Vertragsverletzung gegen Ungarn sowie auf die vom Europarat ge\u00e4u\u00dferten Bedenken.<\/p>\n<p>&nbsp;<\/p>\n<p>Untragbar ist f\u00fcr die SP\u00d6-Europasprecherin die Tatsache, dass Orb\u00e1n nach wie vor stellvertretender Vorsitzender der Europ\u00e4ischen Volkspartei (EVP) ist. &#8222;Seit seinem Amtsantritt im Jahr 2010 hat Orban mit Gesetzen und Verfassungs\u00e4nderungen die Unabh\u00e4ngigkeit der Justiz, der Presse und der Zentralbank eingeschr\u00e4nkt und damit europ\u00e4ische Grunds\u00e4tze ausgeh\u00f6hlt. Dass so jemand weiterhin eine wichtige Funktion in der EVP bekleidet, ist unhaltbar&#8220;, betonte Muttonen. (Schluss) ph\/mo<\/p>\n","protected":false},"excerpt":{"rendered":"<p>Orb\u00e1n als stellvertretender EVP-Vorsitzender nicht mehr tragbar Wien (OTS\/SK) &#8211; &#8222;Die umstrittene \u00c4nderung der ungarischen Verfassung setzt die schrittweise Abkehr Ungarns von gemeinsamen europ\u00e4ischen Rechtsstandards fort und bedeutet eine schleichende Abschaffung der Gewaltenteilung&#8220;, kritisierte SP\u00d6-Europasprecherin Christine Muttonen die Verfassungs\u00e4nderung, die heute, Montag, im Parlament in Budapest verabschiedet wurde. Bereits im Vorfeld haben tausende Menschen gegen [&hellip;]<\/p>\n","protected":false},"author":2,"featured_media":0,"comment_status":"closed","ping_status":"closed","sticky":false,"template":"","format":"standard","meta":{"ngg_post_thumbnail":0,"footnotes":""},"categories":[22,16],"tags":[34,186,140,141],"class_list":["post-1038","post","type-post","status-publish","format-standard","hentry","category-europa","category-presse","tag-christine-muttonen","tag-spo","tag-ungarn","tag-viktor-orban"],"_links":{"self":[{"href":"https:\/\/christine-muttonen.at\/index.php?rest_route=\/wp\/v2\/posts\/1038","targetHints":{"allow":["GET"]}}],"collection":[{"href":"https:\/\/christine-muttonen.at\/index.php?rest_route=\/wp\/v2\/posts"}],"about":[{"href":"https:\/\/christine-muttonen.at\/index.php?rest_route=\/wp\/v2\/types\/post"}],"author":[{"embeddable":true,"href":"https:\/\/christine-muttonen.at\/index.php?rest_route=\/wp\/v2\/users\/2"}],"replies":[{"embeddable":true,"href":"https:\/\/christine-muttonen.at\/index.php?rest_route=%2Fwp%2Fv2%2Fcomments&post=1038"}],"version-history":[{"count":4,"href":"https:\/\/christine-muttonen.at\/index.php?rest_route=\/wp\/v2\/posts\/1038\/revisions"}],"predecessor-version":[{"id":1042,"href":"https:\/\/christine-muttonen.at\/index.php?rest_route=\/wp\/v2\/posts\/1038\/revisions\/1042"}],"wp:attachment":[{"href":"https:\/\/christine-muttonen.at\/index.php?rest_route=%2Fwp%2Fv2%2Fmedia&parent=1038"}],"wp:term":[{"taxonomy":"category","embeddable":true,"href":"https:\/\/christine-muttonen.at\/index.php?rest_route=%2Fwp%2Fv2%2Fcategories&post=1038"},{"taxonomy":"post_tag","embeddable":true,"href":"https:\/\/christine-muttonen.at\/index.php?rest_route=%2Fwp%2Fv2%2Ftags&post=1038"}],"curies":[{"name":"wp","href":"https:\/\/api.w.org\/{rel}","templated":true}]}}